{"id":3588,"date":"2026-03-03T11:48:55","date_gmt":"2026-03-03T11:48:55","guid":{"rendered":"https:\/\/optimistic.pt\/?p=3588"},"modified":"2026-03-03T11:48:55","modified_gmt":"2026-03-03T11:48:55","slug":"estrategia-inovacao-e-crescimento","status":"publish","type":"post","link":"https:\/\/optimistic.pt\/pt-pt\/2026\/03\/03\/estrategia-inovacao-e-crescimento\/","title":{"rendered":"Estrat\u00e9gia, inova\u00e7\u00e3o e crescimento"},"content":{"rendered":"<p><strong><em>Numa conversa marcada por vis\u00e3o estrat\u00e9gica e clareza de prop\u00f3sito, Bruno Valverde Cota, CEO da\u00a0<\/em><\/strong><a href=\"https:\/\/optimistic.pt\/pt-pt\/\"><strong><em>Optimistic<\/em><\/strong><\/a><strong><em>, explica como a empresa que administra est\u00e1 a redefinir a forma como a ind\u00fastria pensa, cresce, inova e estrutura o futuro \u2013 sempre com foco em resultados sustent\u00e1veis e impacto real.<\/em><\/strong><\/p>\n<p>&nbsp;<\/p>\n<p><strong>A sua trajet\u00f3ria profissional revela uma combina\u00e7\u00e3o rara entre vis\u00e3o empreendedora e profundo rigor t\u00e9cnico. Que momentos-chave considera terem moldado a sua forma de liderar e inovar no setor industrial?<\/strong><\/p>\n<p>A minha evolu\u00e7\u00e3o como l\u00edder foi moldada por tr\u00eas fatores: exig\u00eancia e rigor, exposi\u00e7\u00e3o internacional e a convic\u00e7\u00e3o de que os portugueses t\u00eam capacidade para competir ao mais alto n\u00edvel. Trabalhar em mercados como a Europa Oriental, M\u00e9dio Oriente e \u00c1sia ensinou-me que a inova\u00e7\u00e3o nasce onde existe press\u00e3o real, clientes sofisticados e ambientes que obrigam a pensar mais r\u00e1pido e a executar com mais rigor. Momentos decisivos, como a participa\u00e7\u00e3o na Gastech 2025 em Mil\u00e3o, onde apresent\u00e1mos a nova gera\u00e7\u00e3o de compressores e aprofund\u00e1mos alian\u00e7as estruturais, ou a presen\u00e7a na ADIPEC 2025, que consolidou a nossa afirma\u00e7\u00e3o global, refor\u00e7aram uma vis\u00e3o clara: a ind\u00fastria est\u00e1 a mudar radicalmente e s\u00f3 prospera quem combina engenharia mec\u00e2nica avan\u00e7ada, intelig\u00eancia digital e capacidade de adapta\u00e7\u00e3o geoecon\u00f3mica. Esses marcos n\u00e3o foram apenas eventos, foram confirma\u00e7\u00f5es de que o caminho que escolhemos \u00e9 o certo: engenharia inteligente, presen\u00e7a internacional e cultura de excel\u00eancia.<\/p>\n<p>&nbsp;<\/p>\n<p><strong>O nome \u201cOptimistic\u201d transmite dinamismo e confian\u00e7a num contexto global exigente. De que forma esta filosofia se reflete na cultura interna da empresa e na sua pr\u00f3pria forma de encarar a lideran\u00e7a?<\/strong><\/p>\n<p>O nome \u201cOptimistic\u201d n\u00e3o \u00e9 um\u00a0<em>slogan<\/em>, \u00e9 uma filosofia de gest\u00e3o e de lideran\u00e7a. Representa a cren\u00e7a de que a tecnologia pode melhorar ind\u00fastrias inteiras e que podemos ser protagonistas nessa transforma\u00e7\u00e3o. No interior da empresa, \u201cOptimistic\u201d significa ambi\u00e7\u00e3o disciplinada, esp\u00edrito construtivo e cultura de resolu\u00e7\u00e3o de problemas, tr\u00eas elementos que moldam diariamente a forma como trabalhamos.<\/p>\n<p>\u00c9 tamb\u00e9m uma forma de lideran\u00e7a assente na confian\u00e7a: confian\u00e7a no talento da equipa, na nossa capacidade de competir globalmente e na ideia de que cada projeto \u00e9 uma oportunidade para elevar o padr\u00e3o da nossa engenharia. Sermos o \u00fanico fabricante ib\u00e9rico de equipamento rotativo na ADIPEC, o maior evento de energia a n\u00edvel global, \u00e9 um reflexo direto dessa atitude. N\u00e3o nos limitamos a seguir tend\u00eancias, procuramos defini-las.<\/p>\n<p>&nbsp;<\/p>\n<p><strong>A engenharia inteligente tornou-se uma marca distintiva do vosso trabalho. Quais foram os principais desafios enfrentados na cria\u00e7\u00e3o de solu\u00e7\u00f5es que unem precis\u00e3o mec\u00e2nica e intelig\u00eancia digital?<\/strong><\/p>\n<p>O maior desafio foi transformar m\u00e1quinas tradicionalmente robustas em sistemas inteligentes capazes de interpretar, aprender e antecipar. Isto exigiu romper com d\u00e9cadas de mentalidade industrial assente apenas na mec\u00e2nica. Para criar turbom\u00e1quinas que pensam, foi necess\u00e1rio combinar tr\u00eas universos que raramente conviviam: engenharia mec\u00e2nica, instrumenta\u00e7\u00e3o e\u00a0<em>software<\/em>\u00a0avan\u00e7ado. A integra\u00e7\u00e3o de sensores inteligentes, plataformas IoT, digital\u00a0<em>twins<\/em>, an\u00e1lise preditiva e sistemas aut\u00f3nomos de monitoriza\u00e7\u00e3o exigiu uma nova arquitetura de produto e uma nova forma de trabalhar. Mas, o verdadeiro desafio foi cultural: ensinar \u00e0 ind\u00fastria que um compressor ou um ventilador pode e deve ser uma plataforma viva, que comunica, otimiza e reduz custos operacionais de forma cont\u00ednua. Hoje, isso j\u00e1 n\u00e3o \u00e9 o futuro, \u00e9 o presente da engenharia inteligente que desenvolvemos na Optimistic.<\/p>\n<p>&nbsp;<\/p>\n<p><strong>A transi\u00e7\u00e3o energ\u00e9tica \u00e9 hoje uma exig\u00eancia transversal \u00e0s ind\u00fastrias. Como \u00e9 que a vis\u00e3o empresarial do Bruno Valverde Cota se cruza com o compromisso da Optimistic para acelerar esse processo de forma sustent\u00e1vel?<\/strong><\/p>\n<p>A transi\u00e7\u00e3o energ\u00e9tica \u00e9 um processo industrial, n\u00e3o apenas ambiental. E nisso, a nossa engenharia tem um papel central: ajudar ind\u00fastrias cr\u00edticas a consumir menos energia, reduzir emiss\u00f5es e operar com maior fiabilidade. Sempre defendi que a transi\u00e7\u00e3o n\u00e3o ser\u00e1 alcan\u00e7ada apenas com novas fontes energ\u00e9ticas, mas principalmente com\u00a0otimiza\u00e7\u00e3o do que j\u00e1 existe. Os nossos sistemas desde compressores de hidrog\u00e9nio, \u00e0 ventila\u00e7\u00e3o industrial para ambientes extremos, at\u00e9 solu\u00e7\u00f5es para\u00a0<em>CCS \u2013 Carbon Capture and Storage<\/em>, foram desenhados precisamente para isso: diminuir consumos, evitar paragens, prolongar o ciclo de vida de equipamentos e eliminar desperd\u00edcios energ\u00e9ticos. Digital twins, monitoriza\u00e7\u00e3o em tempo real e manuten\u00e7\u00e3o preditiva s\u00e3o hoje ferramentas fundamentais para tornar a efici\u00eancia uma realidade mensur\u00e1vel. A ind\u00fastria portuguesa deve liderar com intelig\u00eancia e responsabilidade, adotando os princ\u00edpios da Ind\u00fastria 4.0 para tornar a efici\u00eancia energ\u00e9tica uma realidade concreta e sustent\u00e1vel.<\/p>\n<p>&nbsp;<\/p>\n<p><strong>Num setor tradicionalmente dominado por grandes multinacionais, a Optimistic conseguiu afirmar-se globalmente em poucos anos. Que estrat\u00e9gias foram determinantes para esse crescimento e reconhecimento internacional?<\/strong><\/p>\n<p>A chave foi sempre combinar tr\u00eas pilares:<\/p>\n<ol>\n<li><strong>Processos simplificados<\/strong>, o nosso modelo permite-nos passar do\u00a0<em>design<\/em>\u00a0\u00e0 fabrica\u00e7\u00e3o com maior rapidez e flexibilidade, sem comprometer o rigor t\u00e9cnico exigido pelos mercados mais exigentes.<\/li>\n<li><strong>Estrat\u00e9gia internacional clara<\/strong>, no in\u00edcio focada em regi\u00f5es onde a nossa expertise teria maior resultado, como o M\u00e9dio Oriente e a Europa de Leste, onde constru\u00edmos uma reputa\u00e7\u00e3o s\u00f3lida. Esse posicionamento permite-nos hoje expandir com confian\u00e7a para novos mercados. E, ainda, uma presen\u00e7a consistente nos grandes palcos globais do setor do g\u00e1s, a Gastech, e da energia, a ADIPEC, onde continuamos a afirmar a nossa engenharia como refer\u00eancia mundial em equipamentos rotativos.<\/li>\n<li><strong>Parcerias estrat\u00e9gicas<\/strong>, como a colabora\u00e7\u00e3o com a Knox Western, que aceleraram o acesso a novos mercados e trouxeram robustez ao nosso posicionamento tecnol\u00f3gico.<br \/>\nNum setor dominado por gigantes globais, diferenci\u00e1mo-nos por sermos r\u00e1pidos, flex\u00edveis, tecnicamente rigorosos e profundamente focados no cliente. Em vez de simplesmente vendermos m\u00e1quinas, entregamos sistemas inteligentes, integrados e orientados para a performance. Esta combina\u00e7\u00e3o permitiu-nos crescer mais r\u00e1pido do que seria expect\u00e1vel para uma empresa portuguesa num segmento t\u00e3o especializado.<\/li>\n<\/ol>\n<p>&nbsp;<\/p>\n<p><strong>A digitaliza\u00e7\u00e3o est\u00e1 a redefinir os modelos industriais. Que impacto pessoal tem em si, como l\u00edder, testemunhar esta transforma\u00e7\u00e3o e ser um dos seus principais impulsionadores?<\/strong><\/p>\n<p>Para mim, assistir a esta transforma\u00e7\u00e3o \u00e9 ver a engenharia renascer numa nova forma. Durante muito tempo, m\u00e1quinas eram entidades fechadas: operavam, avariavam, reparavam-se. Hoje, s\u00e3o equipamentos inteligentes, que comunicam, aprendem e contribuem ativamente para os resultados do cliente. Como l\u00edder, ver esta fus\u00e3o entre mec\u00e2nica, dados e digital \u00e9 profundamente inspirador. Permite-nos levar a engenharia para uma dimens\u00e3o mais humana: prevenir acidentes, reduzir consumos, aumentar seguran\u00e7a, criar fiabilidade e melhorar a vida das equipas que dependem destes sistemas todos os dias.<\/p>\n<p>Acredito que estamos a viver um dos per\u00edodos mais interessantes da hist\u00f3ria industrial. E poder faz\u00ea-lo a partir de Portugal, com tecnologia desenvolvida por engenheiros portugueses, \u00e9 pessoalmente muito gratificante.<\/p>\n<p>&nbsp;<\/p>\n<p><strong>Empreender em Portugal no dom\u00ednio da engenharia pesada continua a ser um desafio. Que fatores considera essenciais para fortalecer o ecossistema nacional de inova\u00e7\u00e3o tecnol\u00f3gica e industrial?<\/strong><\/p>\n<p>Portugal tem talento, criatividade e resili\u00eancia. Falta-lhe, por\u00e9m, uma arquitetura industrial mais ambiciosa e orientada para a exporta\u00e7\u00e3o tecnol\u00f3gica. Para fortalecer o setor, considero essenciais tr\u00eas prioridades:<\/p>\n<p>Estimular talento t\u00e9cnico,\u00a0atrav\u00e9s de programas fortes de engenharia aplicada, laborat\u00f3rios avan\u00e7ados e liga\u00e7\u00e3o real \u00e0 ind\u00fastria.<\/p>\n<p>Aproximar ind\u00fastria, universidades e centros de investiga\u00e7\u00e3o, n\u00e3o apenas em teoria, mas em projetos concretos, escal\u00e1veis e economicamente relevantes.<\/p>\n<p>Criar pol\u00edticas p\u00fablicas que apoiem inova\u00e7\u00e3o industrial, sobretudo em certifica\u00e7\u00f5es, testes, feiras internacionais e acesso a cadeias de valor tecnol\u00f3gicas.<\/p>\n<p>Portugal pode posicionar-se como um player europeu relevante e a Optimistic \u00e9 prova disso, apostando verdadeiramente na engenharia pesada, na rob\u00f3tica e na digitaliza\u00e7\u00e3o industrial.<\/p>\n<p>&nbsp;<\/p>\n<p><strong>Para al\u00e9m do sucesso empresarial, o que mais o inspira neste percurso? H\u00e1 uma motiva\u00e7\u00e3o pessoal, um prop\u00f3sito maior, que o leva a continuar a desafiar limites e a reinventar o futuro da engenharia?<\/strong><\/p>\n<p>Sim, existe um prop\u00f3sito muito claro: demonstrar que Portugal n\u00e3o \u00e9 apenas um utilizador de tecnologia, \u00e9 um criador.<\/p>\n<p>O que me inspira \u00e9 construir uma empresa que eleva o\u00a0<em>know-how<\/em>\u00a0portugu\u00eas ao palco global, que abre portas para a nova gera\u00e7\u00e3o de engenheiros e que contribui para ind\u00fastrias mais limpas, eficientes e inteligentes.<\/p>\n<p>A Optimistic n\u00e3o \u00e9 apenas um projeto empresarial, \u00e9 um movimento. Representa a ambi\u00e7\u00e3o de transformar equipamento rotativo num ecossistema inteligente, sustent\u00e1vel e adaptado \u00e0s necessidades reais do mundo. O meu prop\u00f3sito \u00e9 simples: deixar um legado, humano e tecnol\u00f3gico, que mostre que quando acreditamos no talento nacional n\u00e3o h\u00e1 limites industriais, nem geogr\u00e1ficos.<\/p>\n<p>&nbsp;<\/p>\n<p><a href=\"https:\/\/revistabusinessportugal.pt\/estrategia-inovacao-e-crescimento\/\" target=\"_blank\" rel=\"noopener\">https:\/\/revistabusinessportugal.pt\/estrategia-inovacao-e-crescimento\/<\/a><\/p>\n","protected":false},"excerpt":{"rendered":"<p>Numa conversa marcada por vis\u00e3o estrat\u00e9gica e clareza de prop\u00f3sito, Bruno Valverde Cota, CEO da\u00a0Optimistic, explica como a empresa que administra est\u00e1 a redefinir a forma<span class=\"excerpt-hellip\"> [\u2026]<\/span><\/p>\n","protected":false},"author":2,"featured_media":3590,"comment_status":"closed","ping_status":"closed","sticky":false,"template":"","format":"standard","meta":{"footnotes":""},"categories":[1],"tags":[],"class_list":["post-3588","post","type-post","status-publish","format-standard","has-post-thumbnail","hentry","category-sem-categoria"],"yoast_head":"<!-- This site is optimized with the Yoast SEO plugin v27.2 - https:\/\/yoast.com\/product\/yoast-seo-wordpress\/ -->\n<title>Estrat\u00e9gia, inova\u00e7\u00e3o e crescimento - OPTIMISTIC<\/title>\n<meta name=\"robots\" content=\"index, follow, max-snippet:-1, max-image-preview:large, max-video-preview:-1\" \/>\n<link rel=\"canonical\" href=\"https:\/\/optimistic.pt\/pt-pt\/2026\/03\/03\/estrategia-inovacao-e-crescimento\/\" \/>\n<meta property=\"og:locale\" content=\"pt_PT\" \/>\n<meta property=\"og:type\" content=\"article\" \/>\n<meta property=\"og:title\" content=\"Estrat\u00e9gia, inova\u00e7\u00e3o e crescimento - OPTIMISTIC\" \/>\n<meta property=\"og:description\" content=\"Numa conversa marcada por vis\u00e3o estrat\u00e9gica e clareza de prop\u00f3sito, Bruno Valverde Cota, CEO da\u00a0Optimistic, explica como a empresa que administra est\u00e1 a redefinir a forma [\u2026]\" \/>\n<meta property=\"og:url\" content=\"https:\/\/optimistic.pt\/pt-pt\/2026\/03\/03\/estrategia-inovacao-e-crescimento\/\" \/>\n<meta property=\"og:site_name\" content=\"OPTIMISTIC\" \/>\n<meta property=\"article:published_time\" content=\"2026-03-03T11:48:55+00:00\" \/>\n<meta property=\"og:image\" content=\"https:\/\/optimistic.pt\/wp-content\/uploads\/2026\/03\/estrategia-inovacao.jpg\" \/>\n\t<meta property=\"og:image:width\" content=\"1498\" \/>\n\t<meta property=\"og:image:height\" content=\"998\" \/>\n\t<meta property=\"og:image:type\" content=\"image\/jpeg\" \/>\n<meta name=\"author\" content=\"optimisticadmin\" \/>\n<meta name=\"twitter:card\" content=\"summary_large_image\" \/>\n<meta name=\"twitter:label1\" content=\"Escrito por\" \/>\n\t<meta name=\"twitter:data1\" content=\"optimisticadmin\" \/>\n\t<meta name=\"twitter:label2\" content=\"Tempo estimado de leitura\" \/>\n\t<meta name=\"twitter:data2\" content=\"8 minutos\" \/>\n<script type=\"application\/ld+json\" class=\"yoast-schema-graph\">{\"@context\":\"https:\/\/schema.org\",\"@graph\":[{\"@type\":\"Article\",\"@id\":\"https:\/\/optimistic.pt\/pt-pt\/2026\/03\/03\/estrategia-inovacao-e-crescimento\/#article\",\"isPartOf\":{\"@id\":\"https:\/\/optimistic.pt\/pt-pt\/2026\/03\/03\/estrategia-inovacao-e-crescimento\/\"},\"author\":{\"name\":\"optimisticadmin\",\"@id\":\"https:\/\/optimistic.pt\/pt-pt\/#\/schema\/person\/8123103b77245316c036f43d43af763c\"},\"headline\":\"Estrat\u00e9gia, inova\u00e7\u00e3o e crescimento\",\"datePublished\":\"2026-03-03T11:48:55+00:00\",\"mainEntityOfPage\":{\"@id\":\"https:\/\/optimistic.pt\/pt-pt\/2026\/03\/03\/estrategia-inovacao-e-crescimento\/\"},\"wordCount\":1518,\"publisher\":{\"@id\":\"https:\/\/optimistic.pt\/pt-pt\/#organization\"},\"image\":{\"@id\":\"https:\/\/optimistic.pt\/pt-pt\/2026\/03\/03\/estrategia-inovacao-e-crescimento\/#primaryimage\"},\"thumbnailUrl\":\"https:\/\/optimistic.pt\/wp-content\/uploads\/2026\/03\/estrategia-inovacao.jpg\",\"inLanguage\":\"pt-PT\"},{\"@type\":\"WebPage\",\"@id\":\"https:\/\/optimistic.pt\/pt-pt\/2026\/03\/03\/estrategia-inovacao-e-crescimento\/\",\"url\":\"https:\/\/optimistic.pt\/pt-pt\/2026\/03\/03\/estrategia-inovacao-e-crescimento\/\",\"name\":\"Estrat\u00e9gia, inova\u00e7\u00e3o e crescimento - OPTIMISTIC\",\"isPartOf\":{\"@id\":\"https:\/\/optimistic.pt\/pt-pt\/#website\"},\"primaryImageOfPage\":{\"@id\":\"https:\/\/optimistic.pt\/pt-pt\/2026\/03\/03\/estrategia-inovacao-e-crescimento\/#primaryimage\"},\"image\":{\"@id\":\"https:\/\/optimistic.pt\/pt-pt\/2026\/03\/03\/estrategia-inovacao-e-crescimento\/#primaryimage\"},\"thumbnailUrl\":\"https:\/\/optimistic.pt\/wp-content\/uploads\/2026\/03\/estrategia-inovacao.jpg\",\"datePublished\":\"2026-03-03T11:48:55+00:00\",\"breadcrumb\":{\"@id\":\"https:\/\/optimistic.pt\/pt-pt\/2026\/03\/03\/estrategia-inovacao-e-crescimento\/#breadcrumb\"},\"inLanguage\":\"pt-PT\",\"potentialAction\":[{\"@type\":\"ReadAction\",\"target\":[\"https:\/\/optimistic.pt\/pt-pt\/2026\/03\/03\/estrategia-inovacao-e-crescimento\/\"]}]},{\"@type\":\"ImageObject\",\"inLanguage\":\"pt-PT\",\"@id\":\"https:\/\/optimistic.pt\/pt-pt\/2026\/03\/03\/estrategia-inovacao-e-crescimento\/#primaryimage\",\"url\":\"https:\/\/optimistic.pt\/wp-content\/uploads\/2026\/03\/estrategia-inovacao.jpg\",\"contentUrl\":\"https:\/\/optimistic.pt\/wp-content\/uploads\/2026\/03\/estrategia-inovacao.jpg\",\"width\":1498,\"height\":998},{\"@type\":\"BreadcrumbList\",\"@id\":\"https:\/\/optimistic.pt\/pt-pt\/2026\/03\/03\/estrategia-inovacao-e-crescimento\/#breadcrumb\",\"itemListElement\":[{\"@type\":\"ListItem\",\"position\":1,\"name\":\"In\u00edcio\",\"item\":\"https:\/\/optimistic.pt\/pt-pt\/\"},{\"@type\":\"ListItem\",\"position\":2,\"name\":\"Estrat\u00e9gia, inova\u00e7\u00e3o e crescimento\"}]},{\"@type\":\"WebSite\",\"@id\":\"https:\/\/optimistic.pt\/pt-pt\/#website\",\"url\":\"https:\/\/optimistic.pt\/pt-pt\/\",\"name\":\"OPTIMISTIC\",\"description\":\"Equipamento Rotativo\",\"publisher\":{\"@id\":\"https:\/\/optimistic.pt\/pt-pt\/#organization\"},\"potentialAction\":[{\"@type\":\"SearchAction\",\"target\":{\"@type\":\"EntryPoint\",\"urlTemplate\":\"https:\/\/optimistic.pt\/pt-pt\/?s={search_term_string}\"},\"query-input\":{\"@type\":\"PropertyValueSpecification\",\"valueRequired\":true,\"valueName\":\"search_term_string\"}}],\"inLanguage\":\"pt-PT\"},{\"@type\":\"Organization\",\"@id\":\"https:\/\/optimistic.pt\/pt-pt\/#organization\",\"name\":\"OPTIMISTIC\",\"url\":\"https:\/\/optimistic.pt\/pt-pt\/\",\"logo\":{\"@type\":\"ImageObject\",\"inLanguage\":\"pt-PT\",\"@id\":\"https:\/\/optimistic.pt\/pt-pt\/#\/schema\/logo\/image\/\",\"url\":\"https:\/\/optimistic.pt\/wp-content\/uploads\/2023\/05\/logo_OPTIMISTIC_s_designa_alto_rgb.png\",\"contentUrl\":\"https:\/\/optimistic.pt\/wp-content\/uploads\/2023\/05\/logo_OPTIMISTIC_s_designa_alto_rgb.png\",\"width\":2062,\"height\":916,\"caption\":\"OPTIMISTIC\"},\"image\":{\"@id\":\"https:\/\/optimistic.pt\/pt-pt\/#\/schema\/logo\/image\/\"}},{\"@type\":\"Person\",\"@id\":\"https:\/\/optimistic.pt\/pt-pt\/#\/schema\/person\/8123103b77245316c036f43d43af763c\",\"name\":\"optimisticadmin\",\"image\":{\"@type\":\"ImageObject\",\"inLanguage\":\"pt-PT\",\"@id\":\"https:\/\/secure.gravatar.com\/avatar\/4d7d8109be2167f049239d8b84bcdfa36f4e39ecf2eb30340feb396ad1870b67?s=96&d=mm&r=g\",\"url\":\"https:\/\/secure.gravatar.com\/avatar\/4d7d8109be2167f049239d8b84bcdfa36f4e39ecf2eb30340feb396ad1870b67?s=96&d=mm&r=g\",\"contentUrl\":\"https:\/\/secure.gravatar.com\/avatar\/4d7d8109be2167f049239d8b84bcdfa36f4e39ecf2eb30340feb396ad1870b67?s=96&d=mm&r=g\",\"caption\":\"optimisticadmin\"},\"url\":\"https:\/\/optimistic.pt\/pt-pt\/author\/optimisticadmin\/\"}]}<\/script>\n<!-- \/ Yoast SEO plugin. -->","yoast_head_json":{"title":"Estrat\u00e9gia, inova\u00e7\u00e3o e crescimento - OPTIMISTIC","robots":{"index":"index","follow":"follow","max-snippet":"max-snippet:-1","max-image-preview":"max-image-preview:large","max-video-preview":"max-video-preview:-1"},"canonical":"https:\/\/optimistic.pt\/pt-pt\/2026\/03\/03\/estrategia-inovacao-e-crescimento\/","og_locale":"pt_PT","og_type":"article","og_title":"Estrat\u00e9gia, inova\u00e7\u00e3o e crescimento - OPTIMISTIC","og_description":"Numa conversa marcada por vis\u00e3o estrat\u00e9gica e clareza de prop\u00f3sito, Bruno Valverde Cota, CEO da\u00a0Optimistic, explica como a empresa que administra est\u00e1 a redefinir a forma [\u2026]","og_url":"https:\/\/optimistic.pt\/pt-pt\/2026\/03\/03\/estrategia-inovacao-e-crescimento\/","og_site_name":"OPTIMISTIC","article_published_time":"2026-03-03T11:48:55+00:00","og_image":[{"width":1498,"height":998,"url":"https:\/\/optimistic.pt\/wp-content\/uploads\/2026\/03\/estrategia-inovacao.jpg","type":"image\/jpeg"}],"author":"optimisticadmin","twitter_card":"summary_large_image","twitter_misc":{"Escrito por":"optimisticadmin","Tempo estimado de leitura":"8 minutos"},"schema":{"@context":"https:\/\/schema.org","@graph":[{"@type":"Article","@id":"https:\/\/optimistic.pt\/pt-pt\/2026\/03\/03\/estrategia-inovacao-e-crescimento\/#article","isPartOf":{"@id":"https:\/\/optimistic.pt\/pt-pt\/2026\/03\/03\/estrategia-inovacao-e-crescimento\/"},"author":{"name":"optimisticadmin","@id":"https:\/\/optimistic.pt\/pt-pt\/#\/schema\/person\/8123103b77245316c036f43d43af763c"},"headline":"Estrat\u00e9gia, inova\u00e7\u00e3o e crescimento","datePublished":"2026-03-03T11:48:55+00:00","mainEntityOfPage":{"@id":"https:\/\/optimistic.pt\/pt-pt\/2026\/03\/03\/estrategia-inovacao-e-crescimento\/"},"wordCount":1518,"publisher":{"@id":"https:\/\/optimistic.pt\/pt-pt\/#organization"},"image":{"@id":"https:\/\/optimistic.pt\/pt-pt\/2026\/03\/03\/estrategia-inovacao-e-crescimento\/#primaryimage"},"thumbnailUrl":"https:\/\/optimistic.pt\/wp-content\/uploads\/2026\/03\/estrategia-inovacao.jpg","inLanguage":"pt-PT"},{"@type":"WebPage","@id":"https:\/\/optimistic.pt\/pt-pt\/2026\/03\/03\/estrategia-inovacao-e-crescimento\/","url":"https:\/\/optimistic.pt\/pt-pt\/2026\/03\/03\/estrategia-inovacao-e-crescimento\/","name":"Estrat\u00e9gia, inova\u00e7\u00e3o e crescimento - OPTIMISTIC","isPartOf":{"@id":"https:\/\/optimistic.pt\/pt-pt\/#website"},"primaryImageOfPage":{"@id":"https:\/\/optimistic.pt\/pt-pt\/2026\/03\/03\/estrategia-inovacao-e-crescimento\/#primaryimage"},"image":{"@id":"https:\/\/optimistic.pt\/pt-pt\/2026\/03\/03\/estrategia-inovacao-e-crescimento\/#primaryimage"},"thumbnailUrl":"https:\/\/optimistic.pt\/wp-content\/uploads\/2026\/03\/estrategia-inovacao.jpg","datePublished":"2026-03-03T11:48:55+00:00","breadcrumb":{"@id":"https:\/\/optimistic.pt\/pt-pt\/2026\/03\/03\/estrategia-inovacao-e-crescimento\/#breadcrumb"},"inLanguage":"pt-PT","potentialAction":[{"@type":"ReadAction","target":["https:\/\/optimistic.pt\/pt-pt\/2026\/03\/03\/estrategia-inovacao-e-crescimento\/"]}]},{"@type":"ImageObject","inLanguage":"pt-PT","@id":"https:\/\/optimistic.pt\/pt-pt\/2026\/03\/03\/estrategia-inovacao-e-crescimento\/#primaryimage","url":"https:\/\/optimistic.pt\/wp-content\/uploads\/2026\/03\/estrategia-inovacao.jpg","contentUrl":"https:\/\/optimistic.pt\/wp-content\/uploads\/2026\/03\/estrategia-inovacao.jpg","width":1498,"height":998},{"@type":"BreadcrumbList","@id":"https:\/\/optimistic.pt\/pt-pt\/2026\/03\/03\/estrategia-inovacao-e-crescimento\/#breadcrumb","itemListElement":[{"@type":"ListItem","position":1,"name":"In\u00edcio","item":"https:\/\/optimistic.pt\/pt-pt\/"},{"@type":"ListItem","position":2,"name":"Estrat\u00e9gia, inova\u00e7\u00e3o e crescimento"}]},{"@type":"WebSite","@id":"https:\/\/optimistic.pt\/pt-pt\/#website","url":"https:\/\/optimistic.pt\/pt-pt\/","name":"OPTIMISTIC","description":"Equipamento Rotativo","publisher":{"@id":"https:\/\/optimistic.pt\/pt-pt\/#organization"},"potentialAction":[{"@type":"SearchAction","target":{"@type":"EntryPoint","urlTemplate":"https:\/\/optimistic.pt\/pt-pt\/?s={search_term_string}"},"query-input":{"@type":"PropertyValueSpecification","valueRequired":true,"valueName":"search_term_string"}}],"inLanguage":"pt-PT"},{"@type":"Organization","@id":"https:\/\/optimistic.pt\/pt-pt\/#organization","name":"OPTIMISTIC","url":"https:\/\/optimistic.pt\/pt-pt\/","logo":{"@type":"ImageObject","inLanguage":"pt-PT","@id":"https:\/\/optimistic.pt\/pt-pt\/#\/schema\/logo\/image\/","url":"https:\/\/optimistic.pt\/wp-content\/uploads\/2023\/05\/logo_OPTIMISTIC_s_designa_alto_rgb.png","contentUrl":"https:\/\/optimistic.pt\/wp-content\/uploads\/2023\/05\/logo_OPTIMISTIC_s_designa_alto_rgb.png","width":2062,"height":916,"caption":"OPTIMISTIC"},"image":{"@id":"https:\/\/optimistic.pt\/pt-pt\/#\/schema\/logo\/image\/"}},{"@type":"Person","@id":"https:\/\/optimistic.pt\/pt-pt\/#\/schema\/person\/8123103b77245316c036f43d43af763c","name":"optimisticadmin","image":{"@type":"ImageObject","inLanguage":"pt-PT","@id":"https:\/\/secure.gravatar.com\/avatar\/4d7d8109be2167f049239d8b84bcdfa36f4e39ecf2eb30340feb396ad1870b67?s=96&d=mm&r=g","url":"https:\/\/secure.gravatar.com\/avatar\/4d7d8109be2167f049239d8b84bcdfa36f4e39ecf2eb30340feb396ad1870b67?s=96&d=mm&r=g","contentUrl":"https:\/\/secure.gravatar.com\/avatar\/4d7d8109be2167f049239d8b84bcdfa36f4e39ecf2eb30340feb396ad1870b67?s=96&d=mm&r=g","caption":"optimisticadmin"},"url":"https:\/\/optimistic.pt\/pt-pt\/author\/optimisticadmin\/"}]}},"_links":{"self":[{"href":"https:\/\/optimistic.pt\/pt-pt\/wp-json\/wp\/v2\/posts\/3588","targetHints":{"allow":["GET"]}}],"collection":[{"href":"https:\/\/optimistic.pt\/pt-pt\/wp-json\/wp\/v2\/posts"}],"about":[{"href":"https:\/\/optimistic.pt\/pt-pt\/wp-json\/wp\/v2\/types\/post"}],"author":[{"embeddable":true,"href":"https:\/\/optimistic.pt\/pt-pt\/wp-json\/wp\/v2\/users\/2"}],"replies":[{"embeddable":true,"href":"https:\/\/optimistic.pt\/pt-pt\/wp-json\/wp\/v2\/comments?post=3588"}],"version-history":[{"count":2,"href":"https:\/\/optimistic.pt\/pt-pt\/wp-json\/wp\/v2\/posts\/3588\/revisions"}],"predecessor-version":[{"id":3595,"href":"https:\/\/optimistic.pt\/pt-pt\/wp-json\/wp\/v2\/posts\/3588\/revisions\/3595"}],"wp:featuredmedia":[{"embeddable":true,"href":"https:\/\/optimistic.pt\/pt-pt\/wp-json\/wp\/v2\/media\/3590"}],"wp:attachment":[{"href":"https:\/\/optimistic.pt\/pt-pt\/wp-json\/wp\/v2\/media?parent=3588"}],"wp:term":[{"taxonomy":"category","embeddable":true,"href":"https:\/\/optimistic.pt\/pt-pt\/wp-json\/wp\/v2\/categories?post=3588"},{"taxonomy":"post_tag","embeddable":true,"href":"https:\/\/optimistic.pt\/pt-pt\/wp-json\/wp\/v2\/tags?post=3588"}],"curies":[{"name":"wp","href":"https:\/\/api.w.org\/{rel}","templated":true}]}}