{"id":2796,"date":"2024-04-24T14:33:08","date_gmt":"2024-04-24T14:33:08","guid":{"rendered":"https:\/\/optimistic.pt\/?p=2796"},"modified":"2024-04-24T17:09:43","modified_gmt":"2024-04-24T17:09:43","slug":"2796","status":"publish","type":"post","link":"https:\/\/optimistic.pt\/pt-pt\/2024\/04\/24\/2796\/","title":{"rendered":"Optimistic participa em reuni\u00e3o empresarial sobre ESG"},"content":{"rendered":"<p>Juntamente com outros 40+ empres\u00e1rios, o nosso Gestor de Marketing e Comunica\u00e7\u00f5es, Bernardo Lemos, esteve presente na reuni\u00e3o empresarial realizada no World Trade Centre de Lisboa na segunda-feira, 22 de abril de 2024.<\/p>\n<p>Ap\u00f3s uma primeira reuni\u00e3o excelente em fevereiro deste ano, na qual o nosso CEO, Bruno Valverde Cota, foi um dos oradores convidados, a Optimistic voltou ao WTC Lisboa para aprender com os melhores sobre a implementa\u00e7\u00e3o de estrat\u00e9gias ESG e como agir de acordo com as melhores pr\u00e1ticas.<\/p>\n<p>Entre outros t\u00f3picos, aprendemos sobre compensa\u00e7\u00e3o de carbono, mudan\u00e7a de mentalidades para nos tornarmos mais ecol\u00f3gicos e como as empresas podem adotar m\u00e9tricas internas para implementar com sucesso suas estrat\u00e9gias ESG. Por exemplo, como empresa, aprendemos que \u00e9 necess\u00e1rio garantir que todos na nossa cadeia de valor estejam atualizados na mat\u00e9ria: desde fornecedores a distribuidores. Precisamos ter certeza de que as melhores pr\u00e1ticas ESG est\u00e3o a ser implementadas por todos com quem trabalhamos.<\/p>\n<p>O ESG est\u00e1 a ter, e ter\u00e1, um impacto significativo no futuro das empresas. \u00c0 medida que a nossa comunidade tenta adotar pr\u00e1ticas sustent\u00e1veis em prol do nosso planeta e do futuro das gera\u00e7\u00f5es mais jovens, cada empresa precisar\u00e1 de desempenhar o seu papel ativo para garantir um futuro mais verde e limpo.<\/p>\n<p>A juntar a isto as empresas ter\u00e3o de implementar as melhores pr\u00e1ticas de cultura de trabalho: desde o bem-estar dos colaboradores at\u00e9 aos sal\u00e1rios justos.<\/p>\n<p>A Optimistic est\u00e1 totalmente comprometida em aplicar as melhores pr\u00e1ticas ESG e continuar\u00e1 a sua jornada para garantir que o nosso neg\u00f3cio seja mais sustent\u00e1vel e continue a desempenhar um papel significativo na nossa comunidade.<\/p>\n","protected":false},"excerpt":{"rendered":"<p>Juntamente com outros 40+ empres\u00e1rios, o nosso Gestor de Marketing e Comunica\u00e7\u00f5es, Bernardo Lemos, esteve presente na reuni\u00e3o empresarial realizada no World Trade Centre de Lisboa<span class=\"excerpt-hellip\"> [\u2026]<\/span><\/p>\n","protected":false},"author":2,"featured_media":2786,"comment_status":"open","ping_status":"open","sticky":false,"template":"","format":"standard","meta":{"footnotes":""},"categories":[1],"tags":[],"class_list":["post-2796","post","type-post","status-publish","format-standard","has-post-thumbnail","hentry","category-sem-categoria"],"yoast_head":"<!-- This site is optimized with the Yoast SEO plugin v27.2 - https:\/\/yoast.com\/product\/yoast-seo-wordpress\/ -->\n<title>Optimistic participa em reuni\u00e3o empresarial sobre ESG - OPTIMISTIC<\/title>\n<meta name=\"robots\" content=\"index, follow, max-snippet:-1, max-image-preview:large, max-video-preview:-1\" \/>\n<link rel=\"canonical\" href=\"https:\/\/optimistic.pt\/pt-pt\/2024\/04\/24\/2796\/\" \/>\n<meta property=\"og:locale\" content=\"pt_PT\" \/>\n<meta property=\"og:type\" content=\"article\" \/>\n<meta property=\"og:title\" content=\"Optimistic participa em reuni\u00e3o empresarial sobre ESG - OPTIMISTIC\" \/>\n<meta property=\"og:description\" content=\"Juntamente com outros 40+ empres\u00e1rios, o nosso Gestor de Marketing e Comunica\u00e7\u00f5es, Bernardo Lemos, esteve presente na reuni\u00e3o empresarial realizada no World Trade Centre de Lisboa [\u2026]\" \/>\n<meta property=\"og:url\" content=\"https:\/\/optimistic.pt\/pt-pt\/2024\/04\/24\/2796\/\" \/>\n<meta property=\"og:site_name\" content=\"OPTIMISTIC\" \/>\n<meta property=\"article:published_time\" content=\"2024-04-24T14:33:08+00:00\" \/>\n<meta property=\"article:modified_time\" content=\"2024-04-24T17:09:43+00:00\" \/>\n<meta property=\"og:image\" content=\"https:\/\/optimistic.pt\/wp-content\/uploads\/2024\/04\/PHOTO-2024-04-23-13-38-03-e1713969175691.jpg\" \/>\n\t<meta property=\"og:image:width\" content=\"1536\" \/>\n\t<meta property=\"og:image:height\" content=\"2048\" \/>\n\t<meta property=\"og:image:type\" content=\"image\/jpeg\" \/>\n<meta name=\"author\" content=\"optimisticadmin\" \/>\n<meta name=\"twitter:card\" content=\"summary_large_image\" \/>\n<meta name=\"twitter:label1\" content=\"Escrito por\" \/>\n\t<meta name=\"twitter:data1\" content=\"optimisticadmin\" \/>\n\t<meta name=\"twitter:label2\" content=\"Tempo estimado de leitura\" \/>\n\t<meta name=\"twitter:data2\" content=\"1 minuto\" \/>\n<script type=\"application\/ld+json\" class=\"yoast-schema-graph\">{\"@context\":\"https:\/\/schema.org\",\"@graph\":[{\"@type\":\"Article\",\"@id\":\"https:\/\/optimistic.pt\/pt-pt\/2024\/04\/24\/2796\/#article\",\"isPartOf\":{\"@id\":\"https:\/\/optimistic.pt\/pt-pt\/2024\/04\/24\/2796\/\"},\"author\":{\"name\":\"optimisticadmin\",\"@id\":\"https:\/\/optimistic.pt\/pt-pt\/#\/schema\/person\/8123103b77245316c036f43d43af763c\"},\"headline\":\"Optimistic participa em reuni\u00e3o empresarial sobre ESG\",\"datePublished\":\"2024-04-24T14:33:08+00:00\",\"dateModified\":\"2024-04-24T17:09:43+00:00\",\"mainEntityOfPage\":{\"@id\":\"https:\/\/optimistic.pt\/pt-pt\/2024\/04\/24\/2796\/\"},\"wordCount\":297,\"commentCount\":0,\"publisher\":{\"@id\":\"https:\/\/optimistic.pt\/pt-pt\/#organization\"},\"image\":{\"@id\":\"https:\/\/optimistic.pt\/pt-pt\/2024\/04\/24\/2796\/#primaryimage\"},\"thumbnailUrl\":\"https:\/\/optimistic.pt\/wp-content\/uploads\/2024\/04\/PHOTO-2024-04-23-13-38-03-e1713969175691.jpg\",\"inLanguage\":\"pt-PT\"},{\"@type\":\"WebPage\",\"@id\":\"https:\/\/optimistic.pt\/pt-pt\/2024\/04\/24\/2796\/\",\"url\":\"https:\/\/optimistic.pt\/pt-pt\/2024\/04\/24\/2796\/\",\"name\":\"Optimistic participa em reuni\u00e3o empresarial sobre ESG - OPTIMISTIC\",\"isPartOf\":{\"@id\":\"https:\/\/optimistic.pt\/pt-pt\/#website\"},\"primaryImageOfPage\":{\"@id\":\"https:\/\/optimistic.pt\/pt-pt\/2024\/04\/24\/2796\/#primaryimage\"},\"image\":{\"@id\":\"https:\/\/optimistic.pt\/pt-pt\/2024\/04\/24\/2796\/#primaryimage\"},\"thumbnailUrl\":\"https:\/\/optimistic.pt\/wp-content\/uploads\/2024\/04\/PHOTO-2024-04-23-13-38-03-e1713969175691.jpg\",\"datePublished\":\"2024-04-24T14:33:08+00:00\",\"dateModified\":\"2024-04-24T17:09:43+00:00\",\"breadcrumb\":{\"@id\":\"https:\/\/optimistic.pt\/pt-pt\/2024\/04\/24\/2796\/#breadcrumb\"},\"inLanguage\":\"pt-PT\",\"potentialAction\":[{\"@type\":\"ReadAction\",\"target\":[\"https:\/\/optimistic.pt\/pt-pt\/2024\/04\/24\/2796\/\"]}]},{\"@type\":\"ImageObject\",\"inLanguage\":\"pt-PT\",\"@id\":\"https:\/\/optimistic.pt\/pt-pt\/2024\/04\/24\/2796\/#primaryimage\",\"url\":\"https:\/\/optimistic.pt\/wp-content\/uploads\/2024\/04\/PHOTO-2024-04-23-13-38-03-e1713969175691.jpg\",\"contentUrl\":\"https:\/\/optimistic.pt\/wp-content\/uploads\/2024\/04\/PHOTO-2024-04-23-13-38-03-e1713969175691.jpg\",\"width\":1536,\"height\":2048},{\"@type\":\"BreadcrumbList\",\"@id\":\"https:\/\/optimistic.pt\/pt-pt\/2024\/04\/24\/2796\/#breadcrumb\",\"itemListElement\":[{\"@type\":\"ListItem\",\"position\":1,\"name\":\"In\u00edcio\",\"item\":\"https:\/\/optimistic.pt\/pt-pt\/\"},{\"@type\":\"ListItem\",\"position\":2,\"name\":\"Optimistic participa em reuni\u00e3o empresarial sobre ESG\"}]},{\"@type\":\"WebSite\",\"@id\":\"https:\/\/optimistic.pt\/pt-pt\/#website\",\"url\":\"https:\/\/optimistic.pt\/pt-pt\/\",\"name\":\"OPTIMISTIC\",\"description\":\"Equipamento Rotativo\",\"publisher\":{\"@id\":\"https:\/\/optimistic.pt\/pt-pt\/#organization\"},\"potentialAction\":[{\"@type\":\"SearchAction\",\"target\":{\"@type\":\"EntryPoint\",\"urlTemplate\":\"https:\/\/optimistic.pt\/pt-pt\/?s={search_term_string}\"},\"query-input\":{\"@type\":\"PropertyValueSpecification\",\"valueRequired\":true,\"valueName\":\"search_term_string\"}}],\"inLanguage\":\"pt-PT\"},{\"@type\":\"Organization\",\"@id\":\"https:\/\/optimistic.pt\/pt-pt\/#organization\",\"name\":\"OPTIMISTIC\",\"url\":\"https:\/\/optimistic.pt\/pt-pt\/\",\"logo\":{\"@type\":\"ImageObject\",\"inLanguage\":\"pt-PT\",\"@id\":\"https:\/\/optimistic.pt\/pt-pt\/#\/schema\/logo\/image\/\",\"url\":\"https:\/\/optimistic.pt\/wp-content\/uploads\/2023\/05\/logo_OPTIMISTIC_s_designa_alto_rgb.png\",\"contentUrl\":\"https:\/\/optimistic.pt\/wp-content\/uploads\/2023\/05\/logo_OPTIMISTIC_s_designa_alto_rgb.png\",\"width\":2062,\"height\":916,\"caption\":\"OPTIMISTIC\"},\"image\":{\"@id\":\"https:\/\/optimistic.pt\/pt-pt\/#\/schema\/logo\/image\/\"}},{\"@type\":\"Person\",\"@id\":\"https:\/\/optimistic.pt\/pt-pt\/#\/schema\/person\/8123103b77245316c036f43d43af763c\",\"name\":\"optimisticadmin\",\"image\":{\"@type\":\"ImageObject\",\"inLanguage\":\"pt-PT\",\"@id\":\"https:\/\/secure.gravatar.com\/avatar\/4d7d8109be2167f049239d8b84bcdfa36f4e39ecf2eb30340feb396ad1870b67?s=96&d=mm&r=g\",\"url\":\"https:\/\/secure.gravatar.com\/avatar\/4d7d8109be2167f049239d8b84bcdfa36f4e39ecf2eb30340feb396ad1870b67?s=96&d=mm&r=g\",\"contentUrl\":\"https:\/\/secure.gravatar.com\/avatar\/4d7d8109be2167f049239d8b84bcdfa36f4e39ecf2eb30340feb396ad1870b67?s=96&d=mm&r=g\",\"caption\":\"optimisticadmin\"},\"url\":\"https:\/\/optimistic.pt\/pt-pt\/author\/optimisticadmin\/\"}]}<\/script>\n<!-- \/ Yoast SEO plugin. -->","yoast_head_json":{"title":"Optimistic participa em reuni\u00e3o empresarial sobre ESG - OPTIMISTIC","robots":{"index":"index","follow":"follow","max-snippet":"max-snippet:-1","max-image-preview":"max-image-preview:large","max-video-preview":"max-video-preview:-1"},"canonical":"https:\/\/optimistic.pt\/pt-pt\/2024\/04\/24\/2796\/","og_locale":"pt_PT","og_type":"article","og_title":"Optimistic participa em reuni\u00e3o empresarial sobre ESG - OPTIMISTIC","og_description":"Juntamente com outros 40+ empres\u00e1rios, o nosso Gestor de Marketing e Comunica\u00e7\u00f5es, Bernardo Lemos, esteve presente na reuni\u00e3o empresarial realizada no World Trade Centre de Lisboa [\u2026]","og_url":"https:\/\/optimistic.pt\/pt-pt\/2024\/04\/24\/2796\/","og_site_name":"OPTIMISTIC","article_published_time":"2024-04-24T14:33:08+00:00","article_modified_time":"2024-04-24T17:09:43+00:00","og_image":[{"width":1536,"height":2048,"url":"https:\/\/optimistic.pt\/wp-content\/uploads\/2024\/04\/PHOTO-2024-04-23-13-38-03-e1713969175691.jpg","type":"image\/jpeg"}],"author":"optimisticadmin","twitter_card":"summary_large_image","twitter_misc":{"Escrito por":"optimisticadmin","Tempo estimado de leitura":"1 minuto"},"schema":{"@context":"https:\/\/schema.org","@graph":[{"@type":"Article","@id":"https:\/\/optimistic.pt\/pt-pt\/2024\/04\/24\/2796\/#article","isPartOf":{"@id":"https:\/\/optimistic.pt\/pt-pt\/2024\/04\/24\/2796\/"},"author":{"name":"optimisticadmin","@id":"https:\/\/optimistic.pt\/pt-pt\/#\/schema\/person\/8123103b77245316c036f43d43af763c"},"headline":"Optimistic participa em reuni\u00e3o empresarial sobre ESG","datePublished":"2024-04-24T14:33:08+00:00","dateModified":"2024-04-24T17:09:43+00:00","mainEntityOfPage":{"@id":"https:\/\/optimistic.pt\/pt-pt\/2024\/04\/24\/2796\/"},"wordCount":297,"commentCount":0,"publisher":{"@id":"https:\/\/optimistic.pt\/pt-pt\/#organization"},"image":{"@id":"https:\/\/optimistic.pt\/pt-pt\/2024\/04\/24\/2796\/#primaryimage"},"thumbnailUrl":"https:\/\/optimistic.pt\/wp-content\/uploads\/2024\/04\/PHOTO-2024-04-23-13-38-03-e1713969175691.jpg","inLanguage":"pt-PT"},{"@type":"WebPage","@id":"https:\/\/optimistic.pt\/pt-pt\/2024\/04\/24\/2796\/","url":"https:\/\/optimistic.pt\/pt-pt\/2024\/04\/24\/2796\/","name":"Optimistic participa em reuni\u00e3o empresarial sobre ESG - OPTIMISTIC","isPartOf":{"@id":"https:\/\/optimistic.pt\/pt-pt\/#website"},"primaryImageOfPage":{"@id":"https:\/\/optimistic.pt\/pt-pt\/2024\/04\/24\/2796\/#primaryimage"},"image":{"@id":"https:\/\/optimistic.pt\/pt-pt\/2024\/04\/24\/2796\/#primaryimage"},"thumbnailUrl":"https:\/\/optimistic.pt\/wp-content\/uploads\/2024\/04\/PHOTO-2024-04-23-13-38-03-e1713969175691.jpg","datePublished":"2024-04-24T14:33:08+00:00","dateModified":"2024-04-24T17:09:43+00:00","breadcrumb":{"@id":"https:\/\/optimistic.pt\/pt-pt\/2024\/04\/24\/2796\/#breadcrumb"},"inLanguage":"pt-PT","potentialAction":[{"@type":"ReadAction","target":["https:\/\/optimistic.pt\/pt-pt\/2024\/04\/24\/2796\/"]}]},{"@type":"ImageObject","inLanguage":"pt-PT","@id":"https:\/\/optimistic.pt\/pt-pt\/2024\/04\/24\/2796\/#primaryimage","url":"https:\/\/optimistic.pt\/wp-content\/uploads\/2024\/04\/PHOTO-2024-04-23-13-38-03-e1713969175691.jpg","contentUrl":"https:\/\/optimistic.pt\/wp-content\/uploads\/2024\/04\/PHOTO-2024-04-23-13-38-03-e1713969175691.jpg","width":1536,"height":2048},{"@type":"BreadcrumbList","@id":"https:\/\/optimistic.pt\/pt-pt\/2024\/04\/24\/2796\/#breadcrumb","itemListElement":[{"@type":"ListItem","position":1,"name":"In\u00edcio","item":"https:\/\/optimistic.pt\/pt-pt\/"},{"@type":"ListItem","position":2,"name":"Optimistic participa em reuni\u00e3o empresarial sobre ESG"}]},{"@type":"WebSite","@id":"https:\/\/optimistic.pt\/pt-pt\/#website","url":"https:\/\/optimistic.pt\/pt-pt\/","name":"OPTIMISTIC","description":"Equipamento Rotativo","publisher":{"@id":"https:\/\/optimistic.pt\/pt-pt\/#organization"},"potentialAction":[{"@type":"SearchAction","target":{"@type":"EntryPoint","urlTemplate":"https:\/\/optimistic.pt\/pt-pt\/?s={search_term_string}"},"query-input":{"@type":"PropertyValueSpecification","valueRequired":true,"valueName":"search_term_string"}}],"inLanguage":"pt-PT"},{"@type":"Organization","@id":"https:\/\/optimistic.pt\/pt-pt\/#organization","name":"OPTIMISTIC","url":"https:\/\/optimistic.pt\/pt-pt\/","logo":{"@type":"ImageObject","inLanguage":"pt-PT","@id":"https:\/\/optimistic.pt\/pt-pt\/#\/schema\/logo\/image\/","url":"https:\/\/optimistic.pt\/wp-content\/uploads\/2023\/05\/logo_OPTIMISTIC_s_designa_alto_rgb.png","contentUrl":"https:\/\/optimistic.pt\/wp-content\/uploads\/2023\/05\/logo_OPTIMISTIC_s_designa_alto_rgb.png","width":2062,"height":916,"caption":"OPTIMISTIC"},"image":{"@id":"https:\/\/optimistic.pt\/pt-pt\/#\/schema\/logo\/image\/"}},{"@type":"Person","@id":"https:\/\/optimistic.pt\/pt-pt\/#\/schema\/person\/8123103b77245316c036f43d43af763c","name":"optimisticadmin","image":{"@type":"ImageObject","inLanguage":"pt-PT","@id":"https:\/\/secure.gravatar.com\/avatar\/4d7d8109be2167f049239d8b84bcdfa36f4e39ecf2eb30340feb396ad1870b67?s=96&d=mm&r=g","url":"https:\/\/secure.gravatar.com\/avatar\/4d7d8109be2167f049239d8b84bcdfa36f4e39ecf2eb30340feb396ad1870b67?s=96&d=mm&r=g","contentUrl":"https:\/\/secure.gravatar.com\/avatar\/4d7d8109be2167f049239d8b84bcdfa36f4e39ecf2eb30340feb396ad1870b67?s=96&d=mm&r=g","caption":"optimisticadmin"},"url":"https:\/\/optimistic.pt\/pt-pt\/author\/optimisticadmin\/"}]}},"_links":{"self":[{"href":"https:\/\/optimistic.pt\/pt-pt\/wp-json\/wp\/v2\/posts\/2796","targetHints":{"allow":["GET"]}}],"collection":[{"href":"https:\/\/optimistic.pt\/pt-pt\/wp-json\/wp\/v2\/posts"}],"about":[{"href":"https:\/\/optimistic.pt\/pt-pt\/wp-json\/wp\/v2\/types\/post"}],"author":[{"embeddable":true,"href":"https:\/\/optimistic.pt\/pt-pt\/wp-json\/wp\/v2\/users\/2"}],"replies":[{"embeddable":true,"href":"https:\/\/optimistic.pt\/pt-pt\/wp-json\/wp\/v2\/comments?post=2796"}],"version-history":[{"count":3,"href":"https:\/\/optimistic.pt\/pt-pt\/wp-json\/wp\/v2\/posts\/2796\/revisions"}],"predecessor-version":[{"id":2799,"href":"https:\/\/optimistic.pt\/pt-pt\/wp-json\/wp\/v2\/posts\/2796\/revisions\/2799"}],"wp:featuredmedia":[{"embeddable":true,"href":"https:\/\/optimistic.pt\/pt-pt\/wp-json\/wp\/v2\/media\/2786"}],"wp:attachment":[{"href":"https:\/\/optimistic.pt\/pt-pt\/wp-json\/wp\/v2\/media?parent=2796"}],"wp:term":[{"taxonomy":"category","embeddable":true,"href":"https:\/\/optimistic.pt\/pt-pt\/wp-json\/wp\/v2\/categories?post=2796"},{"taxonomy":"post_tag","embeddable":true,"href":"https:\/\/optimistic.pt\/pt-pt\/wp-json\/wp\/v2\/tags?post=2796"}],"curies":[{"name":"wp","href":"https:\/\/api.w.org\/{rel}","templated":true}]}}