{"id":1951,"date":"2023-10-06T12:30:45","date_gmt":"2023-10-06T12:30:45","guid":{"rendered":"https:\/\/optimistic.pt\/?p=1951"},"modified":"2023-10-10T09:39:43","modified_gmt":"2023-10-10T09:39:43","slug":"a-optimistic-exibe-no-evento-adipec-2023-nos-eau","status":"publish","type":"post","link":"https:\/\/optimistic.pt\/pt-pt\/2023\/10\/06\/a-optimistic-exibe-no-evento-adipec-2023-nos-eau\/","title":{"rendered":"A OPTIMISTIC exibe no evento ADIPEC 2023 nos EAU"},"content":{"rendered":"\r\n<h5>\u00a0<\/h5>\r\n<h5 class=\"kvgmc6g5 cxmmr5t8 oygrvhab hcukyx3x c1et5uql ii04i59q\"><strong>A OPTIMISTIC exibe no evento ADIPEC 2023 nos EAU<\/strong><\/h5>\r\n<div class=\"cxmmr5t8 oygrvhab hcukyx3x c1et5uql o9v6fnle ii04i59q\">\r\n<div dir=\"auto\">\r\n<div dir=\"auto\">\r\n<div class=\"wpb_text_column wpb_content_element \" data-uw-styling-context=\"true\">\r\n<div class=\"wpb_wrapper\" data-uw-styling-context=\"true\"><hr class=\"c-separator m-default m-margin-top-medium m-margin-bottom-medium\" data-uw-styling-context=\"true\" \/>\r\n<div class=\"wpb_text_column wpb_content_element \" data-uw-styling-context=\"true\">\r\n<div class=\"wpb_wrapper\" data-uw-styling-context=\"true\">\r\n<p>Depois de exibir na GASTECH 2023, a OPTIMISTIC exibiu no evento <a href=\"https:\/\/www.adipec.com\/\">ADIPEC 2023<\/a> em Abu Dhabi, EAU. A ADIPEC \u00e9 a maior exposi\u00e7\u00e3o e confer\u00eancia t\u00e9cnica daquela cidade, e tamb\u00e9m do mundo, para o sector da energia, o que impulsiona a inova\u00e7\u00e3o na ind\u00fastria global do petr\u00f3leo e g\u00e1s.<\/p>\r\n<p>A exposi\u00e7\u00e3o recebeu 184.000 visitantes de mais de 160 pa\u00edses e 2.200 empresas energ\u00e9ticas, estando representados todos os setores de energia. Al\u00e9m disso, apresentou as mais recentes estrat\u00e9gias e inova\u00e7\u00f5es que est\u00e3o a definir a energia do futuro. Reunindo os agentes de mudan\u00e7a deste setor, este evento procurou fomentar a colabora\u00e7\u00e3o intersectorial e parcerias que visam a descarboniza\u00e7\u00e3o. Portanto, os profissionais do mundo inteiro que estiveram presentes, reuniram-se para permitir o alinhamento intersectorial sob o lema do evento: \u201cDescarbonizar. Rapidamente. Juntos\u201d<\/p>\r\n<p>Este evento tamb\u00e9m teve o principal encontro mundial dos sectores offshore, marinho, mar\u00edtimo, de transporte mar\u00edtimo e de log\u00edstica no sector da energia, atrav\u00e9s da Zona Mar\u00edtima e Log\u00edstica da ADIPEC. Reunindo l\u00edderes industriais, reguladores e respons\u00e1veis pela tomada de decis\u00f5es, da cadeia de abastecimento mar\u00edtimo e log\u00edstico global com os principais especialistas em energia e tecnologia, eles aceleram a ado\u00e7\u00e3o de solu\u00e7\u00f5es com baixo teor de carbono, mantendo, simultaneamente, um crescimento sustent\u00e1vel.<\/p>\r\n<p>Na OPTIMISTIC estamos dedicados \u00e0 descarboniza\u00e7\u00e3o mundial, reduzindo emiss\u00f5es e cooperando com parceiros, fornecedores e clientes rumo a um futuro mais verde.<\/p>\r\n<\/div>\r\n<\/div>\r\n<\/div>\r\n<\/div>\r\n<\/div>\r\n<\/div>\r\n<\/div>\r\n","protected":false},"excerpt":{"rendered":"<p>\u00a0 A OPTIMISTIC exibe no evento ADIPEC 2023 nos EAU Depois de exibir na GASTECH 2023, a OPTIMISTIC exibiu no evento ADIPEC 2023 em Abu Dhabi,<span class=\"excerpt-hellip\"> [\u2026]<\/span><\/p>\n","protected":false},"author":2,"featured_media":1916,"comment_status":"open","ping_status":"open","sticky":false,"template":"","format":"standard","meta":{"footnotes":""},"categories":[1],"tags":[],"class_list":["post-1951","post","type-post","status-publish","format-standard","has-post-thumbnail","hentry","category-sem-categoria"],"yoast_head":"<!-- This site is optimized with the Yoast SEO plugin v27.2 - https:\/\/yoast.com\/product\/yoast-seo-wordpress\/ -->\n<title>A OPTIMISTIC exibe no evento ADIPEC 2023 nos EAU - OPTIMISTIC<\/title>\n<meta name=\"robots\" content=\"index, follow, max-snippet:-1, max-image-preview:large, max-video-preview:-1\" \/>\n<link rel=\"canonical\" href=\"https:\/\/optimistic.pt\/pt-pt\/2023\/10\/06\/a-optimistic-exibe-no-evento-adipec-2023-nos-eau\/\" \/>\n<meta property=\"og:locale\" content=\"pt_PT\" \/>\n<meta property=\"og:type\" content=\"article\" \/>\n<meta property=\"og:title\" content=\"A OPTIMISTIC exibe no evento ADIPEC 2023 nos EAU - OPTIMISTIC\" \/>\n<meta property=\"og:description\" content=\"\u00a0 A OPTIMISTIC exibe no evento ADIPEC 2023 nos EAU Depois de exibir na GASTECH 2023, a OPTIMISTIC exibiu no evento ADIPEC 2023 em Abu Dhabi, [\u2026]\" \/>\n<meta property=\"og:url\" content=\"https:\/\/optimistic.pt\/pt-pt\/2023\/10\/06\/a-optimistic-exibe-no-evento-adipec-2023-nos-eau\/\" \/>\n<meta property=\"og:site_name\" content=\"OPTIMISTIC\" \/>\n<meta property=\"article:published_time\" content=\"2023-10-06T12:30:45+00:00\" \/>\n<meta property=\"article:modified_time\" content=\"2023-10-10T09:39:43+00:00\" \/>\n<meta property=\"og:image\" content=\"https:\/\/optimistic.pt\/wp-content\/uploads\/2023\/10\/featured_image_adipec3.png\" \/>\n\t<meta property=\"og:image:width\" content=\"960\" \/>\n\t<meta property=\"og:image:height\" content=\"497\" \/>\n\t<meta property=\"og:image:type\" content=\"image\/png\" \/>\n<meta name=\"author\" content=\"optimisticadmin\" \/>\n<meta name=\"twitter:card\" content=\"summary_large_image\" \/>\n<meta name=\"twitter:label1\" content=\"Escrito por\" \/>\n\t<meta name=\"twitter:data1\" content=\"optimisticadmin\" \/>\n\t<meta name=\"twitter:label2\" content=\"Tempo estimado de leitura\" \/>\n\t<meta name=\"twitter:data2\" content=\"1 minuto\" \/>\n<script type=\"application\/ld+json\" class=\"yoast-schema-graph\">{\"@context\":\"https:\/\/schema.org\",\"@graph\":[{\"@type\":\"Article\",\"@id\":\"https:\/\/optimistic.pt\/pt-pt\/2023\/10\/06\/a-optimistic-exibe-no-evento-adipec-2023-nos-eau\/#article\",\"isPartOf\":{\"@id\":\"https:\/\/optimistic.pt\/pt-pt\/2023\/10\/06\/a-optimistic-exibe-no-evento-adipec-2023-nos-eau\/\"},\"author\":{\"name\":\"optimisticadmin\",\"@id\":\"https:\/\/optimistic.pt\/pt-pt\/#\/schema\/person\/8123103b77245316c036f43d43af763c\"},\"headline\":\"A OPTIMISTIC exibe no evento ADIPEC 2023 nos EAU\",\"datePublished\":\"2023-10-06T12:30:45+00:00\",\"dateModified\":\"2023-10-10T09:39:43+00:00\",\"mainEntityOfPage\":{\"@id\":\"https:\/\/optimistic.pt\/pt-pt\/2023\/10\/06\/a-optimistic-exibe-no-evento-adipec-2023-nos-eau\/\"},\"wordCount\":269,\"commentCount\":0,\"publisher\":{\"@id\":\"https:\/\/optimistic.pt\/pt-pt\/#organization\"},\"image\":{\"@id\":\"https:\/\/optimistic.pt\/pt-pt\/2023\/10\/06\/a-optimistic-exibe-no-evento-adipec-2023-nos-eau\/#primaryimage\"},\"thumbnailUrl\":\"https:\/\/optimistic.pt\/wp-content\/uploads\/2023\/10\/featured_image_adipec3.png\",\"inLanguage\":\"pt-PT\"},{\"@type\":\"WebPage\",\"@id\":\"https:\/\/optimistic.pt\/pt-pt\/2023\/10\/06\/a-optimistic-exibe-no-evento-adipec-2023-nos-eau\/\",\"url\":\"https:\/\/optimistic.pt\/pt-pt\/2023\/10\/06\/a-optimistic-exibe-no-evento-adipec-2023-nos-eau\/\",\"name\":\"A OPTIMISTIC exibe no evento ADIPEC 2023 nos EAU - OPTIMISTIC\",\"isPartOf\":{\"@id\":\"https:\/\/optimistic.pt\/pt-pt\/#website\"},\"primaryImageOfPage\":{\"@id\":\"https:\/\/optimistic.pt\/pt-pt\/2023\/10\/06\/a-optimistic-exibe-no-evento-adipec-2023-nos-eau\/#primaryimage\"},\"image\":{\"@id\":\"https:\/\/optimistic.pt\/pt-pt\/2023\/10\/06\/a-optimistic-exibe-no-evento-adipec-2023-nos-eau\/#primaryimage\"},\"thumbnailUrl\":\"https:\/\/optimistic.pt\/wp-content\/uploads\/2023\/10\/featured_image_adipec3.png\",\"datePublished\":\"2023-10-06T12:30:45+00:00\",\"dateModified\":\"2023-10-10T09:39:43+00:00\",\"breadcrumb\":{\"@id\":\"https:\/\/optimistic.pt\/pt-pt\/2023\/10\/06\/a-optimistic-exibe-no-evento-adipec-2023-nos-eau\/#breadcrumb\"},\"inLanguage\":\"pt-PT\",\"potentialAction\":[{\"@type\":\"ReadAction\",\"target\":[\"https:\/\/optimistic.pt\/pt-pt\/2023\/10\/06\/a-optimistic-exibe-no-evento-adipec-2023-nos-eau\/\"]}]},{\"@type\":\"ImageObject\",\"inLanguage\":\"pt-PT\",\"@id\":\"https:\/\/optimistic.pt\/pt-pt\/2023\/10\/06\/a-optimistic-exibe-no-evento-adipec-2023-nos-eau\/#primaryimage\",\"url\":\"https:\/\/optimistic.pt\/wp-content\/uploads\/2023\/10\/featured_image_adipec3.png\",\"contentUrl\":\"https:\/\/optimistic.pt\/wp-content\/uploads\/2023\/10\/featured_image_adipec3.png\",\"width\":960,\"height\":497},{\"@type\":\"BreadcrumbList\",\"@id\":\"https:\/\/optimistic.pt\/pt-pt\/2023\/10\/06\/a-optimistic-exibe-no-evento-adipec-2023-nos-eau\/#breadcrumb\",\"itemListElement\":[{\"@type\":\"ListItem\",\"position\":1,\"name\":\"In\u00edcio\",\"item\":\"https:\/\/optimistic.pt\/pt-pt\/\"},{\"@type\":\"ListItem\",\"position\":2,\"name\":\"A OPTIMISTIC exibe no evento ADIPEC 2023 nos EAU\"}]},{\"@type\":\"WebSite\",\"@id\":\"https:\/\/optimistic.pt\/pt-pt\/#website\",\"url\":\"https:\/\/optimistic.pt\/pt-pt\/\",\"name\":\"OPTIMISTIC\",\"description\":\"Equipamento Rotativo\",\"publisher\":{\"@id\":\"https:\/\/optimistic.pt\/pt-pt\/#organization\"},\"potentialAction\":[{\"@type\":\"SearchAction\",\"target\":{\"@type\":\"EntryPoint\",\"urlTemplate\":\"https:\/\/optimistic.pt\/pt-pt\/?s={search_term_string}\"},\"query-input\":{\"@type\":\"PropertyValueSpecification\",\"valueRequired\":true,\"valueName\":\"search_term_string\"}}],\"inLanguage\":\"pt-PT\"},{\"@type\":\"Organization\",\"@id\":\"https:\/\/optimistic.pt\/pt-pt\/#organization\",\"name\":\"OPTIMISTIC\",\"url\":\"https:\/\/optimistic.pt\/pt-pt\/\",\"logo\":{\"@type\":\"ImageObject\",\"inLanguage\":\"pt-PT\",\"@id\":\"https:\/\/optimistic.pt\/pt-pt\/#\/schema\/logo\/image\/\",\"url\":\"https:\/\/optimistic.pt\/wp-content\/uploads\/2023\/05\/logo_OPTIMISTIC_s_designa_alto_rgb.png\",\"contentUrl\":\"https:\/\/optimistic.pt\/wp-content\/uploads\/2023\/05\/logo_OPTIMISTIC_s_designa_alto_rgb.png\",\"width\":2062,\"height\":916,\"caption\":\"OPTIMISTIC\"},\"image\":{\"@id\":\"https:\/\/optimistic.pt\/pt-pt\/#\/schema\/logo\/image\/\"}},{\"@type\":\"Person\",\"@id\":\"https:\/\/optimistic.pt\/pt-pt\/#\/schema\/person\/8123103b77245316c036f43d43af763c\",\"name\":\"optimisticadmin\",\"image\":{\"@type\":\"ImageObject\",\"inLanguage\":\"pt-PT\",\"@id\":\"https:\/\/secure.gravatar.com\/avatar\/4d7d8109be2167f049239d8b84bcdfa36f4e39ecf2eb30340feb396ad1870b67?s=96&d=mm&r=g\",\"url\":\"https:\/\/secure.gravatar.com\/avatar\/4d7d8109be2167f049239d8b84bcdfa36f4e39ecf2eb30340feb396ad1870b67?s=96&d=mm&r=g\",\"contentUrl\":\"https:\/\/secure.gravatar.com\/avatar\/4d7d8109be2167f049239d8b84bcdfa36f4e39ecf2eb30340feb396ad1870b67?s=96&d=mm&r=g\",\"caption\":\"optimisticadmin\"},\"url\":\"https:\/\/optimistic.pt\/pt-pt\/author\/optimisticadmin\/\"}]}<\/script>\n<!-- \/ Yoast SEO plugin. -->","yoast_head_json":{"title":"A OPTIMISTIC exibe no evento ADIPEC 2023 nos EAU - OPTIMISTIC","robots":{"index":"index","follow":"follow","max-snippet":"max-snippet:-1","max-image-preview":"max-image-preview:large","max-video-preview":"max-video-preview:-1"},"canonical":"https:\/\/optimistic.pt\/pt-pt\/2023\/10\/06\/a-optimistic-exibe-no-evento-adipec-2023-nos-eau\/","og_locale":"pt_PT","og_type":"article","og_title":"A OPTIMISTIC exibe no evento ADIPEC 2023 nos EAU - OPTIMISTIC","og_description":"\u00a0 A OPTIMISTIC exibe no evento ADIPEC 2023 nos EAU Depois de exibir na GASTECH 2023, a OPTIMISTIC exibiu no evento ADIPEC 2023 em Abu Dhabi, [\u2026]","og_url":"https:\/\/optimistic.pt\/pt-pt\/2023\/10\/06\/a-optimistic-exibe-no-evento-adipec-2023-nos-eau\/","og_site_name":"OPTIMISTIC","article_published_time":"2023-10-06T12:30:45+00:00","article_modified_time":"2023-10-10T09:39:43+00:00","og_image":[{"width":960,"height":497,"url":"https:\/\/optimistic.pt\/wp-content\/uploads\/2023\/10\/featured_image_adipec3.png","type":"image\/png"}],"author":"optimisticadmin","twitter_card":"summary_large_image","twitter_misc":{"Escrito por":"optimisticadmin","Tempo estimado de leitura":"1 minuto"},"schema":{"@context":"https:\/\/schema.org","@graph":[{"@type":"Article","@id":"https:\/\/optimistic.pt\/pt-pt\/2023\/10\/06\/a-optimistic-exibe-no-evento-adipec-2023-nos-eau\/#article","isPartOf":{"@id":"https:\/\/optimistic.pt\/pt-pt\/2023\/10\/06\/a-optimistic-exibe-no-evento-adipec-2023-nos-eau\/"},"author":{"name":"optimisticadmin","@id":"https:\/\/optimistic.pt\/pt-pt\/#\/schema\/person\/8123103b77245316c036f43d43af763c"},"headline":"A OPTIMISTIC exibe no evento ADIPEC 2023 nos EAU","datePublished":"2023-10-06T12:30:45+00:00","dateModified":"2023-10-10T09:39:43+00:00","mainEntityOfPage":{"@id":"https:\/\/optimistic.pt\/pt-pt\/2023\/10\/06\/a-optimistic-exibe-no-evento-adipec-2023-nos-eau\/"},"wordCount":269,"commentCount":0,"publisher":{"@id":"https:\/\/optimistic.pt\/pt-pt\/#organization"},"image":{"@id":"https:\/\/optimistic.pt\/pt-pt\/2023\/10\/06\/a-optimistic-exibe-no-evento-adipec-2023-nos-eau\/#primaryimage"},"thumbnailUrl":"https:\/\/optimistic.pt\/wp-content\/uploads\/2023\/10\/featured_image_adipec3.png","inLanguage":"pt-PT"},{"@type":"WebPage","@id":"https:\/\/optimistic.pt\/pt-pt\/2023\/10\/06\/a-optimistic-exibe-no-evento-adipec-2023-nos-eau\/","url":"https:\/\/optimistic.pt\/pt-pt\/2023\/10\/06\/a-optimistic-exibe-no-evento-adipec-2023-nos-eau\/","name":"A OPTIMISTIC exibe no evento ADIPEC 2023 nos EAU - OPTIMISTIC","isPartOf":{"@id":"https:\/\/optimistic.pt\/pt-pt\/#website"},"primaryImageOfPage":{"@id":"https:\/\/optimistic.pt\/pt-pt\/2023\/10\/06\/a-optimistic-exibe-no-evento-adipec-2023-nos-eau\/#primaryimage"},"image":{"@id":"https:\/\/optimistic.pt\/pt-pt\/2023\/10\/06\/a-optimistic-exibe-no-evento-adipec-2023-nos-eau\/#primaryimage"},"thumbnailUrl":"https:\/\/optimistic.pt\/wp-content\/uploads\/2023\/10\/featured_image_adipec3.png","datePublished":"2023-10-06T12:30:45+00:00","dateModified":"2023-10-10T09:39:43+00:00","breadcrumb":{"@id":"https:\/\/optimistic.pt\/pt-pt\/2023\/10\/06\/a-optimistic-exibe-no-evento-adipec-2023-nos-eau\/#breadcrumb"},"inLanguage":"pt-PT","potentialAction":[{"@type":"ReadAction","target":["https:\/\/optimistic.pt\/pt-pt\/2023\/10\/06\/a-optimistic-exibe-no-evento-adipec-2023-nos-eau\/"]}]},{"@type":"ImageObject","inLanguage":"pt-PT","@id":"https:\/\/optimistic.pt\/pt-pt\/2023\/10\/06\/a-optimistic-exibe-no-evento-adipec-2023-nos-eau\/#primaryimage","url":"https:\/\/optimistic.pt\/wp-content\/uploads\/2023\/10\/featured_image_adipec3.png","contentUrl":"https:\/\/optimistic.pt\/wp-content\/uploads\/2023\/10\/featured_image_adipec3.png","width":960,"height":497},{"@type":"BreadcrumbList","@id":"https:\/\/optimistic.pt\/pt-pt\/2023\/10\/06\/a-optimistic-exibe-no-evento-adipec-2023-nos-eau\/#breadcrumb","itemListElement":[{"@type":"ListItem","position":1,"name":"In\u00edcio","item":"https:\/\/optimistic.pt\/pt-pt\/"},{"@type":"ListItem","position":2,"name":"A OPTIMISTIC exibe no evento ADIPEC 2023 nos EAU"}]},{"@type":"WebSite","@id":"https:\/\/optimistic.pt\/pt-pt\/#website","url":"https:\/\/optimistic.pt\/pt-pt\/","name":"OPTIMISTIC","description":"Equipamento Rotativo","publisher":{"@id":"https:\/\/optimistic.pt\/pt-pt\/#organization"},"potentialAction":[{"@type":"SearchAction","target":{"@type":"EntryPoint","urlTemplate":"https:\/\/optimistic.pt\/pt-pt\/?s={search_term_string}"},"query-input":{"@type":"PropertyValueSpecification","valueRequired":true,"valueName":"search_term_string"}}],"inLanguage":"pt-PT"},{"@type":"Organization","@id":"https:\/\/optimistic.pt\/pt-pt\/#organization","name":"OPTIMISTIC","url":"https:\/\/optimistic.pt\/pt-pt\/","logo":{"@type":"ImageObject","inLanguage":"pt-PT","@id":"https:\/\/optimistic.pt\/pt-pt\/#\/schema\/logo\/image\/","url":"https:\/\/optimistic.pt\/wp-content\/uploads\/2023\/05\/logo_OPTIMISTIC_s_designa_alto_rgb.png","contentUrl":"https:\/\/optimistic.pt\/wp-content\/uploads\/2023\/05\/logo_OPTIMISTIC_s_designa_alto_rgb.png","width":2062,"height":916,"caption":"OPTIMISTIC"},"image":{"@id":"https:\/\/optimistic.pt\/pt-pt\/#\/schema\/logo\/image\/"}},{"@type":"Person","@id":"https:\/\/optimistic.pt\/pt-pt\/#\/schema\/person\/8123103b77245316c036f43d43af763c","name":"optimisticadmin","image":{"@type":"ImageObject","inLanguage":"pt-PT","@id":"https:\/\/secure.gravatar.com\/avatar\/4d7d8109be2167f049239d8b84bcdfa36f4e39ecf2eb30340feb396ad1870b67?s=96&d=mm&r=g","url":"https:\/\/secure.gravatar.com\/avatar\/4d7d8109be2167f049239d8b84bcdfa36f4e39ecf2eb30340feb396ad1870b67?s=96&d=mm&r=g","contentUrl":"https:\/\/secure.gravatar.com\/avatar\/4d7d8109be2167f049239d8b84bcdfa36f4e39ecf2eb30340feb396ad1870b67?s=96&d=mm&r=g","caption":"optimisticadmin"},"url":"https:\/\/optimistic.pt\/pt-pt\/author\/optimisticadmin\/"}]}},"_links":{"self":[{"href":"https:\/\/optimistic.pt\/pt-pt\/wp-json\/wp\/v2\/posts\/1951","targetHints":{"allow":["GET"]}}],"collection":[{"href":"https:\/\/optimistic.pt\/pt-pt\/wp-json\/wp\/v2\/posts"}],"about":[{"href":"https:\/\/optimistic.pt\/pt-pt\/wp-json\/wp\/v2\/types\/post"}],"author":[{"embeddable":true,"href":"https:\/\/optimistic.pt\/pt-pt\/wp-json\/wp\/v2\/users\/2"}],"replies":[{"embeddable":true,"href":"https:\/\/optimistic.pt\/pt-pt\/wp-json\/wp\/v2\/comments?post=1951"}],"version-history":[{"count":7,"href":"https:\/\/optimistic.pt\/pt-pt\/wp-json\/wp\/v2\/posts\/1951\/revisions"}],"predecessor-version":[{"id":2088,"href":"https:\/\/optimistic.pt\/pt-pt\/wp-json\/wp\/v2\/posts\/1951\/revisions\/2088"}],"wp:featuredmedia":[{"embeddable":true,"href":"https:\/\/optimistic.pt\/pt-pt\/wp-json\/wp\/v2\/media\/1916"}],"wp:attachment":[{"href":"https:\/\/optimistic.pt\/pt-pt\/wp-json\/wp\/v2\/media?parent=1951"}],"wp:term":[{"taxonomy":"category","embeddable":true,"href":"https:\/\/optimistic.pt\/pt-pt\/wp-json\/wp\/v2\/categories?post=1951"},{"taxonomy":"post_tag","embeddable":true,"href":"https:\/\/optimistic.pt\/pt-pt\/wp-json\/wp\/v2\/tags?post=1951"}],"curies":[{"name":"wp","href":"https:\/\/api.w.org\/{rel}","templated":true}]}}