{"id":3306,"date":"2025-03-20T12:21:24","date_gmt":"2025-03-20T12:21:24","guid":{"rendered":"https:\/\/optimistic.pt\/2025\/03\/20\/optimistic-recompensee-du-statut-pme-lider-2024-par-la-caixa-geral-de-depositos\/"},"modified":"2025-03-20T12:21:24","modified_gmt":"2025-03-20T12:21:24","slug":"optimistic-recompensee-du-statut-pme-lider-2024-par-la-caixa-geral-de-depositos","status":"publish","type":"post","link":"https:\/\/optimistic.pt\/fr\/2025\/03\/20\/optimistic-recompensee-du-statut-pme-lider-2024-par-la-caixa-geral-de-depositos\/","title":{"rendered":"Optimistic r\u00e9compens\u00e9e du statut PME L\u00edder 2024 par la Caixa Geral de Dep\u00f3sitos"},"content":{"rendered":"<p>Nous sommes fiers d\u2019annoncer qu\u2019Optimistic a \u00e9t\u00e9 r\u00e9compens\u00e9e par le statut PME L\u00edder 2024 d\u00e9cern\u00e9 par la Caixa Geral de Dep\u00f3sitos, l\u2019une des banques les plus prestigieuses du Portugal. Cette reconnaissance renforce notre position en tant que sp\u00e9cialiste de r\u00e9f\u00e9rence en \u00e9quipements rotatifs de haute technologie et souligne l&rsquo;importance de nos services dans le paysage industriel portugais. En tant que l&rsquo;une des rares entreprises op\u00e9rant \u00e0 ce niveau d&rsquo;expertise, nous sommes fiers de contribuer \u00e0 des secteurs cl\u00e9s tels que l\u2019\u00e9nergie, l\u2019hydrog\u00e8ne, la construction et la p\u00e9trochimie.  <\/p>\n<p>Le statut PME L\u00edder est attribu\u00e9 aux petites et moyennes entreprises qui d\u00e9montrent une solidit\u00e9 financi\u00e8re, une croissance soutenue et un engagement envers l&rsquo;excellence. Cette distinction refl\u00e8te le d\u00e9vouement de notre \u00e9quipe, son expertise technique et son engagement constant en mati\u00e8re d&rsquo;innovation pour fournir des solutions performantes en \u00e9quipements rotatifs. <\/p>\n<p>Lors de la r\u00e9ception du prix, notre PDG, Bruno Valverde Cota, a partag\u00e9 ses r\u00e9flexions sur cette \u00e9tape importante : \u00ab\u00a0\u00catre reconnu comme PME L\u00edder par la Caixa Geral de Dep\u00f3sitos est une r\u00e9alisation majeure pour Optimistic. C\u2019est la preuve du travail acharn\u00e9, du d\u00e9vouement et de l\u2019expertise de toute notre \u00e9quipe. Cette reconnaissance renforce non seulement notre marque, mais aussi la confiance que nos clients et partenaires placent en nous. Chez Optimistic, nous sommes d\u00e9termin\u00e9s \u00e0 poursuivre notre croissance, \u00e0 innover et \u00e0 fournir des solutions de la plus haute qualit\u00e9 en \u00e9quipements rotatifs de haute technologie. Nous continuerons \u00e0 repousser les limites, \u00e0 am\u00e9liorer nos services et \u00e0 rester \u00e0 la pointe de cette industrie.\u00a0\u00bb<\/p>\n<p>Cette distinction est un moment de fiert\u00e9 pour toute notre entreprise et refl\u00e8te notre engagement in\u00e9branlable envers l\u2019excellence.<\/p>\n<p>Nous exprimons notre profonde gratitude \u00e0 nos employ\u00e9s, partenaires et clients qui contribuent \u00e0 notre succ\u00e8s. Ensemble, nous continuons \u00e0 b\u00e2tir un avenir plus solide dans le domaine des \u00e9quipements rotatifs de haute technologie. <\/p>\n","protected":false},"excerpt":{"rendered":"<p>Nous sommes fiers d\u2019annoncer qu\u2019Optimistic a \u00e9t\u00e9 r\u00e9compens\u00e9e par le statut PME L\u00edder 2024 d\u00e9cern\u00e9 par la Caixa Geral de Dep\u00f3sitos, l\u2019une des banques les plus<span class=\"excerpt-hellip\"> [\u2026]<\/span><\/p>\n","protected":false},"author":2,"featured_media":3301,"comment_status":"open","ping_status":"open","sticky":false,"template":"","format":"standard","meta":{"footnotes":""},"categories":[5],"tags":[],"class_list":["post-3306","post","type-post","status-publish","format-standard","has-post-thumbnail","hentry","category-non-classifiee"],"yoast_head":"<!-- This site is optimized with the Yoast SEO plugin v27.2 - https:\/\/yoast.com\/product\/yoast-seo-wordpress\/ -->\n<title>Optimistic r\u00e9compens\u00e9e du statut PME L\u00edder 2024<\/title>\n<meta name=\"description\" content=\"Nous sommes fiers d\u2019annoncer qu\u2019Optimistic a \u00e9t\u00e9 r\u00e9compens\u00e9e par le statut PME L\u00edder 2024 d\u00e9cern\u00e9 par la Caixa Geral de Dep\u00f3sitos.\" \/>\n<meta name=\"robots\" content=\"index, follow, max-snippet:-1, max-image-preview:large, max-video-preview:-1\" \/>\n<link rel=\"canonical\" href=\"https:\/\/optimistic.pt\/fr\/2025\/03\/20\/optimistic-recompensee-du-statut-pme-lider-2024-par-la-caixa-geral-de-depositos\/\" \/>\n<meta property=\"og:locale\" content=\"fr_FR\" \/>\n<meta property=\"og:type\" content=\"article\" \/>\n<meta property=\"og:title\" content=\"Optimistic r\u00e9compens\u00e9e du statut PME L\u00edder 2024\" \/>\n<meta property=\"og:description\" content=\"Nous sommes fiers d\u2019annoncer qu\u2019Optimistic a \u00e9t\u00e9 r\u00e9compens\u00e9e par le statut PME L\u00edder 2024 d\u00e9cern\u00e9 par la Caixa Geral de Dep\u00f3sitos.\" \/>\n<meta property=\"og:url\" content=\"https:\/\/optimistic.pt\/fr\/2025\/03\/20\/optimistic-recompensee-du-statut-pme-lider-2024-par-la-caixa-geral-de-depositos\/\" \/>\n<meta property=\"og:site_name\" content=\"OPTIMISTIC\" \/>\n<meta property=\"article:published_time\" content=\"2025-03-20T12:21:24+00:00\" \/>\n<meta property=\"og:image\" content=\"https:\/\/optimistic.pt\/wp-content\/uploads\/2025\/03\/pme-lider-2024.jpg\" \/>\n\t<meta property=\"og:image:width\" content=\"1280\" \/>\n\t<meta property=\"og:image:height\" content=\"1046\" \/>\n\t<meta property=\"og:image:type\" content=\"image\/jpeg\" \/>\n<meta name=\"author\" content=\"optimisticadmin\" \/>\n<meta name=\"twitter:card\" content=\"summary_large_image\" \/>\n<meta name=\"twitter:label1\" content=\"\u00c9crit par\" \/>\n\t<meta name=\"twitter:data1\" content=\"optimisticadmin\" \/>\n\t<meta name=\"twitter:label2\" content=\"Dur\u00e9e de lecture estim\u00e9e\" \/>\n\t<meta name=\"twitter:data2\" content=\"2 minutes\" \/>\n<script type=\"application\/ld+json\" class=\"yoast-schema-graph\">{\"@context\":\"https:\/\/schema.org\",\"@graph\":[{\"@type\":\"Article\",\"@id\":\"https:\/\/optimistic.pt\/fr\/2025\/03\/20\/optimistic-recompensee-du-statut-pme-lider-2024-par-la-caixa-geral-de-depositos\/#article\",\"isPartOf\":{\"@id\":\"https:\/\/optimistic.pt\/fr\/2025\/03\/20\/optimistic-recompensee-du-statut-pme-lider-2024-par-la-caixa-geral-de-depositos\/\"},\"author\":{\"name\":\"optimisticadmin\",\"@id\":\"https:\/\/optimistic.pt\/fr\/#\/schema\/person\/8123103b77245316c036f43d43af763c\"},\"headline\":\"Optimistic r\u00e9compens\u00e9e du statut PME L\u00edder 2024 par la Caixa Geral de Dep\u00f3sitos\",\"datePublished\":\"2025-03-20T12:21:24+00:00\",\"mainEntityOfPage\":{\"@id\":\"https:\/\/optimistic.pt\/fr\/2025\/03\/20\/optimistic-recompensee-du-statut-pme-lider-2024-par-la-caixa-geral-de-depositos\/\"},\"wordCount\":353,\"commentCount\":0,\"publisher\":{\"@id\":\"https:\/\/optimistic.pt\/fr\/#organization\"},\"image\":{\"@id\":\"https:\/\/optimistic.pt\/fr\/2025\/03\/20\/optimistic-recompensee-du-statut-pme-lider-2024-par-la-caixa-geral-de-depositos\/#primaryimage\"},\"thumbnailUrl\":\"https:\/\/optimistic.pt\/wp-content\/uploads\/2025\/03\/pme-lider-2024.jpg\",\"articleSection\":[\"Non classifi\u00e9(e)\"],\"inLanguage\":\"fr-FR\"},{\"@type\":\"WebPage\",\"@id\":\"https:\/\/optimistic.pt\/fr\/2025\/03\/20\/optimistic-recompensee-du-statut-pme-lider-2024-par-la-caixa-geral-de-depositos\/\",\"url\":\"https:\/\/optimistic.pt\/fr\/2025\/03\/20\/optimistic-recompensee-du-statut-pme-lider-2024-par-la-caixa-geral-de-depositos\/\",\"name\":\"Optimistic r\u00e9compens\u00e9e du statut PME L\u00edder 2024\",\"isPartOf\":{\"@id\":\"https:\/\/optimistic.pt\/fr\/#website\"},\"primaryImageOfPage\":{\"@id\":\"https:\/\/optimistic.pt\/fr\/2025\/03\/20\/optimistic-recompensee-du-statut-pme-lider-2024-par-la-caixa-geral-de-depositos\/#primaryimage\"},\"image\":{\"@id\":\"https:\/\/optimistic.pt\/fr\/2025\/03\/20\/optimistic-recompensee-du-statut-pme-lider-2024-par-la-caixa-geral-de-depositos\/#primaryimage\"},\"thumbnailUrl\":\"https:\/\/optimistic.pt\/wp-content\/uploads\/2025\/03\/pme-lider-2024.jpg\",\"datePublished\":\"2025-03-20T12:21:24+00:00\",\"description\":\"Nous sommes fiers d\u2019annoncer qu\u2019Optimistic a \u00e9t\u00e9 r\u00e9compens\u00e9e par le statut PME L\u00edder 2024 d\u00e9cern\u00e9 par la Caixa Geral de Dep\u00f3sitos.\",\"breadcrumb\":{\"@id\":\"https:\/\/optimistic.pt\/fr\/2025\/03\/20\/optimistic-recompensee-du-statut-pme-lider-2024-par-la-caixa-geral-de-depositos\/#breadcrumb\"},\"inLanguage\":\"fr-FR\",\"potentialAction\":[{\"@type\":\"ReadAction\",\"target\":[\"https:\/\/optimistic.pt\/fr\/2025\/03\/20\/optimistic-recompensee-du-statut-pme-lider-2024-par-la-caixa-geral-de-depositos\/\"]}]},{\"@type\":\"ImageObject\",\"inLanguage\":\"fr-FR\",\"@id\":\"https:\/\/optimistic.pt\/fr\/2025\/03\/20\/optimistic-recompensee-du-statut-pme-lider-2024-par-la-caixa-geral-de-depositos\/#primaryimage\",\"url\":\"https:\/\/optimistic.pt\/wp-content\/uploads\/2025\/03\/pme-lider-2024.jpg\",\"contentUrl\":\"https:\/\/optimistic.pt\/wp-content\/uploads\/2025\/03\/pme-lider-2024.jpg\",\"width\":1280,\"height\":1046,\"caption\":\"pme lider 2024\"},{\"@type\":\"BreadcrumbList\",\"@id\":\"https:\/\/optimistic.pt\/fr\/2025\/03\/20\/optimistic-recompensee-du-statut-pme-lider-2024-par-la-caixa-geral-de-depositos\/#breadcrumb\",\"itemListElement\":[{\"@type\":\"ListItem\",\"position\":1,\"name\":\"In\u00edcio\",\"item\":\"https:\/\/optimistic.pt\/fr\/\"},{\"@type\":\"ListItem\",\"position\":2,\"name\":\"Optimistic r\u00e9compens\u00e9e du statut PME L\u00edder 2024 par la Caixa Geral de Dep\u00f3sitos\"}]},{\"@type\":\"WebSite\",\"@id\":\"https:\/\/optimistic.pt\/fr\/#website\",\"url\":\"https:\/\/optimistic.pt\/fr\/\",\"name\":\"OPTIMISTIC\",\"description\":\"Equipamento Rotativo\",\"publisher\":{\"@id\":\"https:\/\/optimistic.pt\/fr\/#organization\"},\"potentialAction\":[{\"@type\":\"SearchAction\",\"target\":{\"@type\":\"EntryPoint\",\"urlTemplate\":\"https:\/\/optimistic.pt\/fr\/?s={search_term_string}\"},\"query-input\":{\"@type\":\"PropertyValueSpecification\",\"valueRequired\":true,\"valueName\":\"search_term_string\"}}],\"inLanguage\":\"fr-FR\"},{\"@type\":\"Organization\",\"@id\":\"https:\/\/optimistic.pt\/fr\/#organization\",\"name\":\"OPTIMISTIC\",\"url\":\"https:\/\/optimistic.pt\/fr\/\",\"logo\":{\"@type\":\"ImageObject\",\"inLanguage\":\"fr-FR\",\"@id\":\"https:\/\/optimistic.pt\/fr\/#\/schema\/logo\/image\/\",\"url\":\"https:\/\/optimistic.pt\/wp-content\/uploads\/2023\/05\/logo_OPTIMISTIC_s_designa_alto_rgb.png\",\"contentUrl\":\"https:\/\/optimistic.pt\/wp-content\/uploads\/2023\/05\/logo_OPTIMISTIC_s_designa_alto_rgb.png\",\"width\":2062,\"height\":916,\"caption\":\"OPTIMISTIC\"},\"image\":{\"@id\":\"https:\/\/optimistic.pt\/fr\/#\/schema\/logo\/image\/\"}},{\"@type\":\"Person\",\"@id\":\"https:\/\/optimistic.pt\/fr\/#\/schema\/person\/8123103b77245316c036f43d43af763c\",\"name\":\"optimisticadmin\",\"image\":{\"@type\":\"ImageObject\",\"inLanguage\":\"fr-FR\",\"@id\":\"https:\/\/secure.gravatar.com\/avatar\/4d7d8109be2167f049239d8b84bcdfa36f4e39ecf2eb30340feb396ad1870b67?s=96&d=mm&r=g\",\"url\":\"https:\/\/secure.gravatar.com\/avatar\/4d7d8109be2167f049239d8b84bcdfa36f4e39ecf2eb30340feb396ad1870b67?s=96&d=mm&r=g\",\"contentUrl\":\"https:\/\/secure.gravatar.com\/avatar\/4d7d8109be2167f049239d8b84bcdfa36f4e39ecf2eb30340feb396ad1870b67?s=96&d=mm&r=g\",\"caption\":\"optimisticadmin\"},\"url\":\"https:\/\/optimistic.pt\/fr\/author\/optimisticadmin\/\"}]}<\/script>\n<!-- \/ Yoast SEO plugin. -->","yoast_head_json":{"title":"Optimistic r\u00e9compens\u00e9e du statut PME L\u00edder 2024","description":"Nous sommes fiers d\u2019annoncer qu\u2019Optimistic a \u00e9t\u00e9 r\u00e9compens\u00e9e par le statut PME L\u00edder 2024 d\u00e9cern\u00e9 par la Caixa Geral de Dep\u00f3sitos.","robots":{"index":"index","follow":"follow","max-snippet":"max-snippet:-1","max-image-preview":"max-image-preview:large","max-video-preview":"max-video-preview:-1"},"canonical":"https:\/\/optimistic.pt\/fr\/2025\/03\/20\/optimistic-recompensee-du-statut-pme-lider-2024-par-la-caixa-geral-de-depositos\/","og_locale":"fr_FR","og_type":"article","og_title":"Optimistic r\u00e9compens\u00e9e du statut PME L\u00edder 2024","og_description":"Nous sommes fiers d\u2019annoncer qu\u2019Optimistic a \u00e9t\u00e9 r\u00e9compens\u00e9e par le statut PME L\u00edder 2024 d\u00e9cern\u00e9 par la Caixa Geral de Dep\u00f3sitos.","og_url":"https:\/\/optimistic.pt\/fr\/2025\/03\/20\/optimistic-recompensee-du-statut-pme-lider-2024-par-la-caixa-geral-de-depositos\/","og_site_name":"OPTIMISTIC","article_published_time":"2025-03-20T12:21:24+00:00","og_image":[{"width":1280,"height":1046,"url":"https:\/\/optimistic.pt\/wp-content\/uploads\/2025\/03\/pme-lider-2024.jpg","type":"image\/jpeg"}],"author":"optimisticadmin","twitter_card":"summary_large_image","twitter_misc":{"\u00c9crit par":"optimisticadmin","Dur\u00e9e de lecture estim\u00e9e":"2 minutes"},"schema":{"@context":"https:\/\/schema.org","@graph":[{"@type":"Article","@id":"https:\/\/optimistic.pt\/fr\/2025\/03\/20\/optimistic-recompensee-du-statut-pme-lider-2024-par-la-caixa-geral-de-depositos\/#article","isPartOf":{"@id":"https:\/\/optimistic.pt\/fr\/2025\/03\/20\/optimistic-recompensee-du-statut-pme-lider-2024-par-la-caixa-geral-de-depositos\/"},"author":{"name":"optimisticadmin","@id":"https:\/\/optimistic.pt\/fr\/#\/schema\/person\/8123103b77245316c036f43d43af763c"},"headline":"Optimistic r\u00e9compens\u00e9e du statut PME L\u00edder 2024 par la Caixa Geral de Dep\u00f3sitos","datePublished":"2025-03-20T12:21:24+00:00","mainEntityOfPage":{"@id":"https:\/\/optimistic.pt\/fr\/2025\/03\/20\/optimistic-recompensee-du-statut-pme-lider-2024-par-la-caixa-geral-de-depositos\/"},"wordCount":353,"commentCount":0,"publisher":{"@id":"https:\/\/optimistic.pt\/fr\/#organization"},"image":{"@id":"https:\/\/optimistic.pt\/fr\/2025\/03\/20\/optimistic-recompensee-du-statut-pme-lider-2024-par-la-caixa-geral-de-depositos\/#primaryimage"},"thumbnailUrl":"https:\/\/optimistic.pt\/wp-content\/uploads\/2025\/03\/pme-lider-2024.jpg","articleSection":["Non classifi\u00e9(e)"],"inLanguage":"fr-FR"},{"@type":"WebPage","@id":"https:\/\/optimistic.pt\/fr\/2025\/03\/20\/optimistic-recompensee-du-statut-pme-lider-2024-par-la-caixa-geral-de-depositos\/","url":"https:\/\/optimistic.pt\/fr\/2025\/03\/20\/optimistic-recompensee-du-statut-pme-lider-2024-par-la-caixa-geral-de-depositos\/","name":"Optimistic r\u00e9compens\u00e9e du statut PME L\u00edder 2024","isPartOf":{"@id":"https:\/\/optimistic.pt\/fr\/#website"},"primaryImageOfPage":{"@id":"https:\/\/optimistic.pt\/fr\/2025\/03\/20\/optimistic-recompensee-du-statut-pme-lider-2024-par-la-caixa-geral-de-depositos\/#primaryimage"},"image":{"@id":"https:\/\/optimistic.pt\/fr\/2025\/03\/20\/optimistic-recompensee-du-statut-pme-lider-2024-par-la-caixa-geral-de-depositos\/#primaryimage"},"thumbnailUrl":"https:\/\/optimistic.pt\/wp-content\/uploads\/2025\/03\/pme-lider-2024.jpg","datePublished":"2025-03-20T12:21:24+00:00","description":"Nous sommes fiers d\u2019annoncer qu\u2019Optimistic a \u00e9t\u00e9 r\u00e9compens\u00e9e par le statut PME L\u00edder 2024 d\u00e9cern\u00e9 par la Caixa Geral de Dep\u00f3sitos.","breadcrumb":{"@id":"https:\/\/optimistic.pt\/fr\/2025\/03\/20\/optimistic-recompensee-du-statut-pme-lider-2024-par-la-caixa-geral-de-depositos\/#breadcrumb"},"inLanguage":"fr-FR","potentialAction":[{"@type":"ReadAction","target":["https:\/\/optimistic.pt\/fr\/2025\/03\/20\/optimistic-recompensee-du-statut-pme-lider-2024-par-la-caixa-geral-de-depositos\/"]}]},{"@type":"ImageObject","inLanguage":"fr-FR","@id":"https:\/\/optimistic.pt\/fr\/2025\/03\/20\/optimistic-recompensee-du-statut-pme-lider-2024-par-la-caixa-geral-de-depositos\/#primaryimage","url":"https:\/\/optimistic.pt\/wp-content\/uploads\/2025\/03\/pme-lider-2024.jpg","contentUrl":"https:\/\/optimistic.pt\/wp-content\/uploads\/2025\/03\/pme-lider-2024.jpg","width":1280,"height":1046,"caption":"pme lider 2024"},{"@type":"BreadcrumbList","@id":"https:\/\/optimistic.pt\/fr\/2025\/03\/20\/optimistic-recompensee-du-statut-pme-lider-2024-par-la-caixa-geral-de-depositos\/#breadcrumb","itemListElement":[{"@type":"ListItem","position":1,"name":"In\u00edcio","item":"https:\/\/optimistic.pt\/fr\/"},{"@type":"ListItem","position":2,"name":"Optimistic r\u00e9compens\u00e9e du statut PME L\u00edder 2024 par la Caixa Geral de Dep\u00f3sitos"}]},{"@type":"WebSite","@id":"https:\/\/optimistic.pt\/fr\/#website","url":"https:\/\/optimistic.pt\/fr\/","name":"OPTIMISTIC","description":"Equipamento Rotativo","publisher":{"@id":"https:\/\/optimistic.pt\/fr\/#organization"},"potentialAction":[{"@type":"SearchAction","target":{"@type":"EntryPoint","urlTemplate":"https:\/\/optimistic.pt\/fr\/?s={search_term_string}"},"query-input":{"@type":"PropertyValueSpecification","valueRequired":true,"valueName":"search_term_string"}}],"inLanguage":"fr-FR"},{"@type":"Organization","@id":"https:\/\/optimistic.pt\/fr\/#organization","name":"OPTIMISTIC","url":"https:\/\/optimistic.pt\/fr\/","logo":{"@type":"ImageObject","inLanguage":"fr-FR","@id":"https:\/\/optimistic.pt\/fr\/#\/schema\/logo\/image\/","url":"https:\/\/optimistic.pt\/wp-content\/uploads\/2023\/05\/logo_OPTIMISTIC_s_designa_alto_rgb.png","contentUrl":"https:\/\/optimistic.pt\/wp-content\/uploads\/2023\/05\/logo_OPTIMISTIC_s_designa_alto_rgb.png","width":2062,"height":916,"caption":"OPTIMISTIC"},"image":{"@id":"https:\/\/optimistic.pt\/fr\/#\/schema\/logo\/image\/"}},{"@type":"Person","@id":"https:\/\/optimistic.pt\/fr\/#\/schema\/person\/8123103b77245316c036f43d43af763c","name":"optimisticadmin","image":{"@type":"ImageObject","inLanguage":"fr-FR","@id":"https:\/\/secure.gravatar.com\/avatar\/4d7d8109be2167f049239d8b84bcdfa36f4e39ecf2eb30340feb396ad1870b67?s=96&d=mm&r=g","url":"https:\/\/secure.gravatar.com\/avatar\/4d7d8109be2167f049239d8b84bcdfa36f4e39ecf2eb30340feb396ad1870b67?s=96&d=mm&r=g","contentUrl":"https:\/\/secure.gravatar.com\/avatar\/4d7d8109be2167f049239d8b84bcdfa36f4e39ecf2eb30340feb396ad1870b67?s=96&d=mm&r=g","caption":"optimisticadmin"},"url":"https:\/\/optimistic.pt\/fr\/author\/optimisticadmin\/"}]}},"_links":{"self":[{"href":"https:\/\/optimistic.pt\/fr\/wp-json\/wp\/v2\/posts\/3306","targetHints":{"allow":["GET"]}}],"collection":[{"href":"https:\/\/optimistic.pt\/fr\/wp-json\/wp\/v2\/posts"}],"about":[{"href":"https:\/\/optimistic.pt\/fr\/wp-json\/wp\/v2\/types\/post"}],"author":[{"embeddable":true,"href":"https:\/\/optimistic.pt\/fr\/wp-json\/wp\/v2\/users\/2"}],"replies":[{"embeddable":true,"href":"https:\/\/optimistic.pt\/fr\/wp-json\/wp\/v2\/comments?post=3306"}],"version-history":[{"count":0,"href":"https:\/\/optimistic.pt\/fr\/wp-json\/wp\/v2\/posts\/3306\/revisions"}],"wp:featuredmedia":[{"embeddable":true,"href":"https:\/\/optimistic.pt\/fr\/wp-json\/wp\/v2\/media\/3301"}],"wp:attachment":[{"href":"https:\/\/optimistic.pt\/fr\/wp-json\/wp\/v2\/media?parent=3306"}],"wp:term":[{"taxonomy":"category","embeddable":true,"href":"https:\/\/optimistic.pt\/fr\/wp-json\/wp\/v2\/categories?post=3306"},{"taxonomy":"post_tag","embeddable":true,"href":"https:\/\/optimistic.pt\/fr\/wp-json\/wp\/v2\/tags?post=3306"}],"curies":[{"name":"wp","href":"https:\/\/api.w.org\/{rel}","templated":true}]}}