{"id":3061,"date":"2024-10-17T10:01:26","date_gmt":"2024-10-17T10:01:26","guid":{"rendered":"https:\/\/optimistic.pt\/?p=3061"},"modified":"2024-10-17T10:04:55","modified_gmt":"2024-10-17T10:04:55","slug":"optimistic-exposera-au-gastech-2025","status":"publish","type":"post","link":"https:\/\/optimistic.pt\/fr\/2024\/10\/17\/optimistic-exposera-au-gastech-2025\/","title":{"rendered":"OPTIMISTIC EXPOSERA AU GASTECH 2025"},"content":{"rendered":"<p>Nous avons de grandes nouvelles \u00e0 partager ! Apr\u00e8s notre voyage r\u00e9ussi au Gastech 2024 en septembre de cette ann\u00e9e, Optimistic est fier d&rsquo;annoncer que non seulement nous serons pr\u00e9sents au Gastech 2025, mais que nous y exposerons \u00e9galement.<\/p>\n<p>Avec notre \u00e9quipe internationale, nous venons de r\u00e9server un emplacement pour l&rsquo;\u00e9dition de l&rsquo;ann\u00e9e prochaine de Gastech. En 2025, ce salon exceptionnel, l&rsquo;un des plus grands et importants rassemblements du secteur de l&rsquo;\u00e9nergie \u00e0 l&rsquo;\u00e9chelle mondiale, se tiendra en Italie, \u00e0 Milan, au \u201cFiera Milano\u201d, du 9 au 12 septembre.<\/p>\n<p>Le Professeur Bruno Valverde Cota, PDG d&rsquo;OPTIMISTIC, a d\u00e9clar\u00e9 : \u201cGastech est l&rsquo;un des \u00e9v\u00e9nements cl\u00e9s de notre secteur. Tous nos partenaires et clients ont particip\u00e9 \u00e0 ce salon exceptionnel. Dans le cadre de notre plan d&rsquo;expansion pour 2025, il \u00e9tait logique pour nous d&rsquo;avoir notre propre stand au Gastech 2025. Nous souhaitons pr\u00e9senter les produits et services d&rsquo;OPTIMISTIC et consolider notre marque sur le march\u00e9 des \u00e9quipements rotatifs. Si vous pr\u00e9voyez \u00e9galement de participer \u00e0 Gastech l&rsquo;ann\u00e9e prochaine, veuillez contacter notre \u00e9quipe commerciale. Nous serions ravis de vous entendre et de pr\u00e9voir un moment pour vous rencontrer l\u00e0-bas.\u201d<\/p>\n<p>Pr\u00e9voyez-vous \u00e9galement de vous rendre \u00e0 Milan l&rsquo;ann\u00e9e prochaine ? Contactez-nous. Nous serions ravis d&rsquo;organiser une conversation.<\/p>\n","protected":false},"excerpt":{"rendered":"<p>Nous avons de grandes nouvelles \u00e0 partager ! Apr\u00e8s notre voyage r\u00e9ussi au Gastech 2024 en septembre de cette ann\u00e9e, Optimistic est fier d&rsquo;annoncer que non<span class=\"excerpt-hellip\"> [\u2026]<\/span><\/p>\n","protected":false},"author":2,"featured_media":3057,"comment_status":"open","ping_status":"open","sticky":false,"template":"","format":"standard","meta":{"footnotes":""},"categories":[],"tags":[],"class_list":["post-3061","post","type-post","status-publish","format-standard","has-post-thumbnail","hentry"],"yoast_head":"<!-- This site is optimized with the Yoast SEO plugin v27.2 - https:\/\/yoast.com\/product\/yoast-seo-wordpress\/ -->\n<title>OPTIMISTIC EXPOSERA AU GASTECH 2025 - OPTIMISTIC<\/title>\n<meta name=\"robots\" content=\"index, follow, max-snippet:-1, max-image-preview:large, max-video-preview:-1\" \/>\n<link rel=\"canonical\" href=\"https:\/\/optimistic.pt\/fr\/2024\/10\/17\/optimistic-exposera-au-gastech-2025\/\" \/>\n<meta property=\"og:locale\" content=\"fr_FR\" \/>\n<meta property=\"og:type\" content=\"article\" \/>\n<meta property=\"og:title\" content=\"OPTIMISTIC EXPOSERA AU GASTECH 2025 - OPTIMISTIC\" \/>\n<meta property=\"og:description\" content=\"Nous avons de grandes nouvelles \u00e0 partager ! Apr\u00e8s notre voyage r\u00e9ussi au Gastech 2024 en septembre de cette ann\u00e9e, Optimistic est fier d&rsquo;annoncer que non [\u2026]\" \/>\n<meta property=\"og:url\" content=\"https:\/\/optimistic.pt\/fr\/2024\/10\/17\/optimistic-exposera-au-gastech-2025\/\" \/>\n<meta property=\"og:site_name\" content=\"OPTIMISTIC\" \/>\n<meta property=\"article:published_time\" content=\"2024-10-17T10:01:26+00:00\" \/>\n<meta property=\"article:modified_time\" content=\"2024-10-17T10:04:55+00:00\" \/>\n<meta property=\"og:image\" content=\"https:\/\/optimistic.pt\/wp-content\/uploads\/2024\/10\/2025-1.png\" \/>\n\t<meta property=\"og:image:width\" content=\"1080\" \/>\n\t<meta property=\"og:image:height\" content=\"1080\" \/>\n\t<meta property=\"og:image:type\" content=\"image\/png\" \/>\n<meta name=\"author\" content=\"optimisticadmin\" \/>\n<meta name=\"twitter:card\" content=\"summary_large_image\" \/>\n<meta name=\"twitter:label1\" content=\"\u00c9crit par\" \/>\n\t<meta name=\"twitter:data1\" content=\"optimisticadmin\" \/>\n\t<meta name=\"twitter:label2\" content=\"Dur\u00e9e de lecture estim\u00e9e\" \/>\n\t<meta name=\"twitter:data2\" content=\"1 minute\" \/>\n<script type=\"application\/ld+json\" class=\"yoast-schema-graph\">{\"@context\":\"https:\/\/schema.org\",\"@graph\":[{\"@type\":\"Article\",\"@id\":\"https:\/\/optimistic.pt\/fr\/2024\/10\/17\/optimistic-exposera-au-gastech-2025\/#article\",\"isPartOf\":{\"@id\":\"https:\/\/optimistic.pt\/fr\/2024\/10\/17\/optimistic-exposera-au-gastech-2025\/\"},\"author\":{\"name\":\"optimisticadmin\",\"@id\":\"https:\/\/optimistic.pt\/fr\/#\/schema\/person\/8123103b77245316c036f43d43af763c\"},\"headline\":\"OPTIMISTIC EXPOSERA AU GASTECH 2025\",\"datePublished\":\"2024-10-17T10:01:26+00:00\",\"dateModified\":\"2024-10-17T10:04:55+00:00\",\"mainEntityOfPage\":{\"@id\":\"https:\/\/optimistic.pt\/fr\/2024\/10\/17\/optimistic-exposera-au-gastech-2025\/\"},\"wordCount\":223,\"commentCount\":0,\"publisher\":{\"@id\":\"https:\/\/optimistic.pt\/fr\/#organization\"},\"image\":{\"@id\":\"https:\/\/optimistic.pt\/fr\/2024\/10\/17\/optimistic-exposera-au-gastech-2025\/#primaryimage\"},\"thumbnailUrl\":\"https:\/\/optimistic.pt\/wp-content\/uploads\/2024\/10\/2025-1.png\",\"inLanguage\":\"fr-FR\"},{\"@type\":\"WebPage\",\"@id\":\"https:\/\/optimistic.pt\/fr\/2024\/10\/17\/optimistic-exposera-au-gastech-2025\/\",\"url\":\"https:\/\/optimistic.pt\/fr\/2024\/10\/17\/optimistic-exposera-au-gastech-2025\/\",\"name\":\"OPTIMISTIC EXPOSERA AU GASTECH 2025 - OPTIMISTIC\",\"isPartOf\":{\"@id\":\"https:\/\/optimistic.pt\/fr\/#website\"},\"primaryImageOfPage\":{\"@id\":\"https:\/\/optimistic.pt\/fr\/2024\/10\/17\/optimistic-exposera-au-gastech-2025\/#primaryimage\"},\"image\":{\"@id\":\"https:\/\/optimistic.pt\/fr\/2024\/10\/17\/optimistic-exposera-au-gastech-2025\/#primaryimage\"},\"thumbnailUrl\":\"https:\/\/optimistic.pt\/wp-content\/uploads\/2024\/10\/2025-1.png\",\"datePublished\":\"2024-10-17T10:01:26+00:00\",\"dateModified\":\"2024-10-17T10:04:55+00:00\",\"breadcrumb\":{\"@id\":\"https:\/\/optimistic.pt\/fr\/2024\/10\/17\/optimistic-exposera-au-gastech-2025\/#breadcrumb\"},\"inLanguage\":\"fr-FR\",\"potentialAction\":[{\"@type\":\"ReadAction\",\"target\":[\"https:\/\/optimistic.pt\/fr\/2024\/10\/17\/optimistic-exposera-au-gastech-2025\/\"]}]},{\"@type\":\"ImageObject\",\"inLanguage\":\"fr-FR\",\"@id\":\"https:\/\/optimistic.pt\/fr\/2024\/10\/17\/optimistic-exposera-au-gastech-2025\/#primaryimage\",\"url\":\"https:\/\/optimistic.pt\/wp-content\/uploads\/2024\/10\/2025-1.png\",\"contentUrl\":\"https:\/\/optimistic.pt\/wp-content\/uploads\/2024\/10\/2025-1.png\",\"width\":1080,\"height\":1080},{\"@type\":\"BreadcrumbList\",\"@id\":\"https:\/\/optimistic.pt\/fr\/2024\/10\/17\/optimistic-exposera-au-gastech-2025\/#breadcrumb\",\"itemListElement\":[{\"@type\":\"ListItem\",\"position\":1,\"name\":\"In\u00edcio\",\"item\":\"https:\/\/optimistic.pt\/fr\/\"},{\"@type\":\"ListItem\",\"position\":2,\"name\":\"OPTIMISTIC EXPOSERA AU GASTECH 2025\"}]},{\"@type\":\"WebSite\",\"@id\":\"https:\/\/optimistic.pt\/fr\/#website\",\"url\":\"https:\/\/optimistic.pt\/fr\/\",\"name\":\"OPTIMISTIC\",\"description\":\"Equipamento Rotativo\",\"publisher\":{\"@id\":\"https:\/\/optimistic.pt\/fr\/#organization\"},\"potentialAction\":[{\"@type\":\"SearchAction\",\"target\":{\"@type\":\"EntryPoint\",\"urlTemplate\":\"https:\/\/optimistic.pt\/fr\/?s={search_term_string}\"},\"query-input\":{\"@type\":\"PropertyValueSpecification\",\"valueRequired\":true,\"valueName\":\"search_term_string\"}}],\"inLanguage\":\"fr-FR\"},{\"@type\":\"Organization\",\"@id\":\"https:\/\/optimistic.pt\/fr\/#organization\",\"name\":\"OPTIMISTIC\",\"url\":\"https:\/\/optimistic.pt\/fr\/\",\"logo\":{\"@type\":\"ImageObject\",\"inLanguage\":\"fr-FR\",\"@id\":\"https:\/\/optimistic.pt\/fr\/#\/schema\/logo\/image\/\",\"url\":\"https:\/\/optimistic.pt\/wp-content\/uploads\/2023\/05\/logo_OPTIMISTIC_s_designa_alto_rgb.png\",\"contentUrl\":\"https:\/\/optimistic.pt\/wp-content\/uploads\/2023\/05\/logo_OPTIMISTIC_s_designa_alto_rgb.png\",\"width\":2062,\"height\":916,\"caption\":\"OPTIMISTIC\"},\"image\":{\"@id\":\"https:\/\/optimistic.pt\/fr\/#\/schema\/logo\/image\/\"}},{\"@type\":\"Person\",\"@id\":\"https:\/\/optimistic.pt\/fr\/#\/schema\/person\/8123103b77245316c036f43d43af763c\",\"name\":\"optimisticadmin\",\"image\":{\"@type\":\"ImageObject\",\"inLanguage\":\"fr-FR\",\"@id\":\"https:\/\/secure.gravatar.com\/avatar\/4d7d8109be2167f049239d8b84bcdfa36f4e39ecf2eb30340feb396ad1870b67?s=96&d=mm&r=g\",\"url\":\"https:\/\/secure.gravatar.com\/avatar\/4d7d8109be2167f049239d8b84bcdfa36f4e39ecf2eb30340feb396ad1870b67?s=96&d=mm&r=g\",\"contentUrl\":\"https:\/\/secure.gravatar.com\/avatar\/4d7d8109be2167f049239d8b84bcdfa36f4e39ecf2eb30340feb396ad1870b67?s=96&d=mm&r=g\",\"caption\":\"optimisticadmin\"},\"url\":\"https:\/\/optimistic.pt\/fr\/author\/optimisticadmin\/\"}]}<\/script>\n<!-- \/ Yoast SEO plugin. -->","yoast_head_json":{"title":"OPTIMISTIC EXPOSERA AU GASTECH 2025 - OPTIMISTIC","robots":{"index":"index","follow":"follow","max-snippet":"max-snippet:-1","max-image-preview":"max-image-preview:large","max-video-preview":"max-video-preview:-1"},"canonical":"https:\/\/optimistic.pt\/fr\/2024\/10\/17\/optimistic-exposera-au-gastech-2025\/","og_locale":"fr_FR","og_type":"article","og_title":"OPTIMISTIC EXPOSERA AU GASTECH 2025 - OPTIMISTIC","og_description":"Nous avons de grandes nouvelles \u00e0 partager ! Apr\u00e8s notre voyage r\u00e9ussi au Gastech 2024 en septembre de cette ann\u00e9e, Optimistic est fier d&rsquo;annoncer que non [\u2026]","og_url":"https:\/\/optimistic.pt\/fr\/2024\/10\/17\/optimistic-exposera-au-gastech-2025\/","og_site_name":"OPTIMISTIC","article_published_time":"2024-10-17T10:01:26+00:00","article_modified_time":"2024-10-17T10:04:55+00:00","og_image":[{"width":1080,"height":1080,"url":"https:\/\/optimistic.pt\/wp-content\/uploads\/2024\/10\/2025-1.png","type":"image\/png"}],"author":"optimisticadmin","twitter_card":"summary_large_image","twitter_misc":{"\u00c9crit par":"optimisticadmin","Dur\u00e9e de lecture estim\u00e9e":"1 minute"},"schema":{"@context":"https:\/\/schema.org","@graph":[{"@type":"Article","@id":"https:\/\/optimistic.pt\/fr\/2024\/10\/17\/optimistic-exposera-au-gastech-2025\/#article","isPartOf":{"@id":"https:\/\/optimistic.pt\/fr\/2024\/10\/17\/optimistic-exposera-au-gastech-2025\/"},"author":{"name":"optimisticadmin","@id":"https:\/\/optimistic.pt\/fr\/#\/schema\/person\/8123103b77245316c036f43d43af763c"},"headline":"OPTIMISTIC EXPOSERA AU GASTECH 2025","datePublished":"2024-10-17T10:01:26+00:00","dateModified":"2024-10-17T10:04:55+00:00","mainEntityOfPage":{"@id":"https:\/\/optimistic.pt\/fr\/2024\/10\/17\/optimistic-exposera-au-gastech-2025\/"},"wordCount":223,"commentCount":0,"publisher":{"@id":"https:\/\/optimistic.pt\/fr\/#organization"},"image":{"@id":"https:\/\/optimistic.pt\/fr\/2024\/10\/17\/optimistic-exposera-au-gastech-2025\/#primaryimage"},"thumbnailUrl":"https:\/\/optimistic.pt\/wp-content\/uploads\/2024\/10\/2025-1.png","inLanguage":"fr-FR"},{"@type":"WebPage","@id":"https:\/\/optimistic.pt\/fr\/2024\/10\/17\/optimistic-exposera-au-gastech-2025\/","url":"https:\/\/optimistic.pt\/fr\/2024\/10\/17\/optimistic-exposera-au-gastech-2025\/","name":"OPTIMISTIC EXPOSERA AU GASTECH 2025 - OPTIMISTIC","isPartOf":{"@id":"https:\/\/optimistic.pt\/fr\/#website"},"primaryImageOfPage":{"@id":"https:\/\/optimistic.pt\/fr\/2024\/10\/17\/optimistic-exposera-au-gastech-2025\/#primaryimage"},"image":{"@id":"https:\/\/optimistic.pt\/fr\/2024\/10\/17\/optimistic-exposera-au-gastech-2025\/#primaryimage"},"thumbnailUrl":"https:\/\/optimistic.pt\/wp-content\/uploads\/2024\/10\/2025-1.png","datePublished":"2024-10-17T10:01:26+00:00","dateModified":"2024-10-17T10:04:55+00:00","breadcrumb":{"@id":"https:\/\/optimistic.pt\/fr\/2024\/10\/17\/optimistic-exposera-au-gastech-2025\/#breadcrumb"},"inLanguage":"fr-FR","potentialAction":[{"@type":"ReadAction","target":["https:\/\/optimistic.pt\/fr\/2024\/10\/17\/optimistic-exposera-au-gastech-2025\/"]}]},{"@type":"ImageObject","inLanguage":"fr-FR","@id":"https:\/\/optimistic.pt\/fr\/2024\/10\/17\/optimistic-exposera-au-gastech-2025\/#primaryimage","url":"https:\/\/optimistic.pt\/wp-content\/uploads\/2024\/10\/2025-1.png","contentUrl":"https:\/\/optimistic.pt\/wp-content\/uploads\/2024\/10\/2025-1.png","width":1080,"height":1080},{"@type":"BreadcrumbList","@id":"https:\/\/optimistic.pt\/fr\/2024\/10\/17\/optimistic-exposera-au-gastech-2025\/#breadcrumb","itemListElement":[{"@type":"ListItem","position":1,"name":"In\u00edcio","item":"https:\/\/optimistic.pt\/fr\/"},{"@type":"ListItem","position":2,"name":"OPTIMISTIC EXPOSERA AU GASTECH 2025"}]},{"@type":"WebSite","@id":"https:\/\/optimistic.pt\/fr\/#website","url":"https:\/\/optimistic.pt\/fr\/","name":"OPTIMISTIC","description":"Equipamento Rotativo","publisher":{"@id":"https:\/\/optimistic.pt\/fr\/#organization"},"potentialAction":[{"@type":"SearchAction","target":{"@type":"EntryPoint","urlTemplate":"https:\/\/optimistic.pt\/fr\/?s={search_term_string}"},"query-input":{"@type":"PropertyValueSpecification","valueRequired":true,"valueName":"search_term_string"}}],"inLanguage":"fr-FR"},{"@type":"Organization","@id":"https:\/\/optimistic.pt\/fr\/#organization","name":"OPTIMISTIC","url":"https:\/\/optimistic.pt\/fr\/","logo":{"@type":"ImageObject","inLanguage":"fr-FR","@id":"https:\/\/optimistic.pt\/fr\/#\/schema\/logo\/image\/","url":"https:\/\/optimistic.pt\/wp-content\/uploads\/2023\/05\/logo_OPTIMISTIC_s_designa_alto_rgb.png","contentUrl":"https:\/\/optimistic.pt\/wp-content\/uploads\/2023\/05\/logo_OPTIMISTIC_s_designa_alto_rgb.png","width":2062,"height":916,"caption":"OPTIMISTIC"},"image":{"@id":"https:\/\/optimistic.pt\/fr\/#\/schema\/logo\/image\/"}},{"@type":"Person","@id":"https:\/\/optimistic.pt\/fr\/#\/schema\/person\/8123103b77245316c036f43d43af763c","name":"optimisticadmin","image":{"@type":"ImageObject","inLanguage":"fr-FR","@id":"https:\/\/secure.gravatar.com\/avatar\/4d7d8109be2167f049239d8b84bcdfa36f4e39ecf2eb30340feb396ad1870b67?s=96&d=mm&r=g","url":"https:\/\/secure.gravatar.com\/avatar\/4d7d8109be2167f049239d8b84bcdfa36f4e39ecf2eb30340feb396ad1870b67?s=96&d=mm&r=g","contentUrl":"https:\/\/secure.gravatar.com\/avatar\/4d7d8109be2167f049239d8b84bcdfa36f4e39ecf2eb30340feb396ad1870b67?s=96&d=mm&r=g","caption":"optimisticadmin"},"url":"https:\/\/optimistic.pt\/fr\/author\/optimisticadmin\/"}]}},"_links":{"self":[{"href":"https:\/\/optimistic.pt\/fr\/wp-json\/wp\/v2\/posts\/3061","targetHints":{"allow":["GET"]}}],"collection":[{"href":"https:\/\/optimistic.pt\/fr\/wp-json\/wp\/v2\/posts"}],"about":[{"href":"https:\/\/optimistic.pt\/fr\/wp-json\/wp\/v2\/types\/post"}],"author":[{"embeddable":true,"href":"https:\/\/optimistic.pt\/fr\/wp-json\/wp\/v2\/users\/2"}],"replies":[{"embeddable":true,"href":"https:\/\/optimistic.pt\/fr\/wp-json\/wp\/v2\/comments?post=3061"}],"version-history":[{"count":1,"href":"https:\/\/optimistic.pt\/fr\/wp-json\/wp\/v2\/posts\/3061\/revisions"}],"predecessor-version":[{"id":3062,"href":"https:\/\/optimistic.pt\/fr\/wp-json\/wp\/v2\/posts\/3061\/revisions\/3062"}],"wp:featuredmedia":[{"embeddable":true,"href":"https:\/\/optimistic.pt\/fr\/wp-json\/wp\/v2\/media\/3057"}],"wp:attachment":[{"href":"https:\/\/optimistic.pt\/fr\/wp-json\/wp\/v2\/media?parent=3061"}],"wp:term":[{"taxonomy":"category","embeddable":true,"href":"https:\/\/optimistic.pt\/fr\/wp-json\/wp\/v2\/categories?post=3061"},{"taxonomy":"post_tag","embeddable":true,"href":"https:\/\/optimistic.pt\/fr\/wp-json\/wp\/v2\/tags?post=3061"}],"curies":[{"name":"wp","href":"https:\/\/api.w.org\/{rel}","templated":true}]}}