{"id":2792,"date":"2024-04-24T14:33:08","date_gmt":"2024-04-24T14:33:08","guid":{"rendered":"https:\/\/optimistic.pt\/?p=2792"},"modified":"2024-04-24T14:45:19","modified_gmt":"2024-04-24T14:45:19","slug":"participation-doptimistic-a-la-reunion-daffaires-sur-lesg-au-world-trade-center-de-lisbonne","status":"publish","type":"post","link":"https:\/\/optimistic.pt\/fr\/2024\/04\/24\/participation-doptimistic-a-la-reunion-daffaires-sur-lesg-au-world-trade-center-de-lisbonne\/","title":{"rendered":"Participation d&rsquo;Optimistic \u00e0 la r\u00e9union d&rsquo;affaires sur l&rsquo;ESG au World Trade Center de Lisbonne"},"content":{"rendered":"<p>Aux c\u00f4t\u00e9s de plus de 40 entrepreneurs, notre directeur du marketing et des communications, Bernardo Lemos, \u00e9tait pr\u00e9sent \u00e0 la r\u00e9union d&rsquo;affaires qui s&rsquo;est tenue au World Trade Centre de Lisbonne le lundi 22 avril 2024.<\/p>\n<p>Apr\u00e8s une premi\u00e8re r\u00e9union remarquable en f\u00e9vrier de cette ann\u00e9e, lors de laquelle notre PDG, Bruno Valverde Cota, \u00e9tait l&rsquo;un des conf\u00e9renciers invit\u00e9s, Optimistic est retourn\u00e9 au WTC Lisbonne pour apprendre aupr\u00e8s des meilleurs sur la mise en \u0153uvre de la strat\u00e9gie ESG et les meilleures pratiques \u00e0 adopter.<\/p>\n<p>Parmi les autres sujets abord\u00e9s, nous avons appris sur la compensation carbone, comment changer les mentalit\u00e9s pour devenir plus \u00e9cologique et comment les entreprises peuvent adopter des m\u00e9triques internes pour mettre en \u0153uvre avec succ\u00e8s leurs strat\u00e9gies ESG. Par exemple, en tant qu&rsquo;entreprise, nous avons appris qu&rsquo;il est n\u00e9cessaire de s&rsquo;assurer que tous les acteurs de notre cha\u00eene de valeur sont \u00e0 jour : des fournisseurs aux distributeurs.<\/p>\n<p>Nous devons nous assurer que les meilleures pratiques ESG sont mises en \u0153uvre par tous ceux avec qui nous travaillons. Les ESG ont un impact significatif, et auront, sur l&rsquo;avenir des entreprises. Alors que notre communaut\u00e9 tente d&rsquo;adopter des pratiques durables pour le bien de notre plan\u00e8te et de l&rsquo;avenir des g\u00e9n\u00e9rations futures, chaque entreprise devra jouer son r\u00f4le actif pour garantir que l&rsquo;avenir soit plus vert et plus propre.<\/p>\n<p>Mais aussi, les meilleures pratiques sont une priorit\u00e9 dans la culture du travail : du bien-\u00eatre des collaborateurs aux salaires \u00e9quitables.<\/p>\n<p>Optimistic s&rsquo;engage pleinement \u00e0 appliquer les meilleures pratiques ESG et continuera son voyage pour s&rsquo;assurer que notre entreprise soit plus durable et continue \u00e0 avoir un impact significatif sur notre communaut\u00e9.<\/p>\n","protected":false},"excerpt":{"rendered":"<p>Aux c\u00f4t\u00e9s de plus de 40 entrepreneurs, notre directeur du marketing et des communications, Bernardo Lemos, \u00e9tait pr\u00e9sent \u00e0 la r\u00e9union d&rsquo;affaires qui s&rsquo;est tenue au<span class=\"excerpt-hellip\"> [\u2026]<\/span><\/p>\n","protected":false},"author":2,"featured_media":2785,"comment_status":"open","ping_status":"open","sticky":false,"template":"","format":"standard","meta":{"footnotes":""},"categories":[5],"tags":[],"class_list":["post-2792","post","type-post","status-publish","format-standard","has-post-thumbnail","hentry","category-non-classifiee"],"yoast_head":"<!-- This site is optimized with the Yoast SEO plugin v27.2 - https:\/\/yoast.com\/product\/yoast-seo-wordpress\/ -->\n<title>Participation d&#039;Optimistic \u00e0 la r\u00e9union d&#039;affaires sur l&#039;ESG au World Trade Center de Lisbonne - OPTIMISTIC<\/title>\n<meta name=\"robots\" content=\"index, follow, max-snippet:-1, max-image-preview:large, max-video-preview:-1\" \/>\n<link rel=\"canonical\" href=\"https:\/\/optimistic.pt\/fr\/2024\/04\/24\/participation-doptimistic-a-la-reunion-daffaires-sur-lesg-au-world-trade-center-de-lisbonne\/\" \/>\n<meta property=\"og:locale\" content=\"fr_FR\" \/>\n<meta property=\"og:type\" content=\"article\" \/>\n<meta property=\"og:title\" content=\"Participation d&#039;Optimistic \u00e0 la r\u00e9union d&#039;affaires sur l&#039;ESG au World Trade Center de Lisbonne - OPTIMISTIC\" \/>\n<meta property=\"og:description\" content=\"Aux c\u00f4t\u00e9s de plus de 40 entrepreneurs, notre directeur du marketing et des communications, Bernardo Lemos, \u00e9tait pr\u00e9sent \u00e0 la r\u00e9union d&rsquo;affaires qui s&rsquo;est tenue au [\u2026]\" \/>\n<meta property=\"og:url\" content=\"https:\/\/optimistic.pt\/fr\/2024\/04\/24\/participation-doptimistic-a-la-reunion-daffaires-sur-lesg-au-world-trade-center-de-lisbonne\/\" \/>\n<meta property=\"og:site_name\" content=\"OPTIMISTIC\" \/>\n<meta property=\"article:published_time\" content=\"2024-04-24T14:33:08+00:00\" \/>\n<meta property=\"article:modified_time\" content=\"2024-04-24T14:45:19+00:00\" \/>\n<meta property=\"og:image\" content=\"https:\/\/optimistic.pt\/wp-content\/uploads\/2024\/04\/PHOTO-2024-04-23-13-38-03-e1713969175691.jpg\" \/>\n\t<meta property=\"og:image:width\" content=\"1536\" \/>\n\t<meta property=\"og:image:height\" content=\"2048\" \/>\n\t<meta property=\"og:image:type\" content=\"image\/jpeg\" \/>\n<meta name=\"author\" content=\"optimisticadmin\" \/>\n<meta name=\"twitter:card\" content=\"summary_large_image\" \/>\n<meta name=\"twitter:label1\" content=\"\u00c9crit par\" \/>\n\t<meta name=\"twitter:data1\" content=\"optimisticadmin\" \/>\n\t<meta name=\"twitter:label2\" content=\"Dur\u00e9e de lecture estim\u00e9e\" \/>\n\t<meta name=\"twitter:data2\" content=\"1 minute\" \/>\n<script type=\"application\/ld+json\" class=\"yoast-schema-graph\">{\"@context\":\"https:\/\/schema.org\",\"@graph\":[{\"@type\":\"Article\",\"@id\":\"https:\/\/optimistic.pt\/fr\/2024\/04\/24\/participation-doptimistic-a-la-reunion-daffaires-sur-lesg-au-world-trade-center-de-lisbonne\/#article\",\"isPartOf\":{\"@id\":\"https:\/\/optimistic.pt\/fr\/2024\/04\/24\/participation-doptimistic-a-la-reunion-daffaires-sur-lesg-au-world-trade-center-de-lisbonne\/\"},\"author\":{\"name\":\"optimisticadmin\",\"@id\":\"https:\/\/optimistic.pt\/fr\/#\/schema\/person\/8123103b77245316c036f43d43af763c\"},\"headline\":\"Participation d&rsquo;Optimistic \u00e0 la r\u00e9union d&rsquo;affaires sur l&rsquo;ESG au World Trade Center de Lisbonne\",\"datePublished\":\"2024-04-24T14:33:08+00:00\",\"dateModified\":\"2024-04-24T14:45:19+00:00\",\"mainEntityOfPage\":{\"@id\":\"https:\/\/optimistic.pt\/fr\/2024\/04\/24\/participation-doptimistic-a-la-reunion-daffaires-sur-lesg-au-world-trade-center-de-lisbonne\/\"},\"wordCount\":319,\"commentCount\":0,\"publisher\":{\"@id\":\"https:\/\/optimistic.pt\/fr\/#organization\"},\"image\":{\"@id\":\"https:\/\/optimistic.pt\/fr\/2024\/04\/24\/participation-doptimistic-a-la-reunion-daffaires-sur-lesg-au-world-trade-center-de-lisbonne\/#primaryimage\"},\"thumbnailUrl\":\"https:\/\/optimistic.pt\/wp-content\/uploads\/2024\/04\/PHOTO-2024-04-23-13-38-03-e1713969175691.jpg\",\"articleSection\":[\"Non classifi\u00e9(e)\"],\"inLanguage\":\"fr-FR\"},{\"@type\":\"WebPage\",\"@id\":\"https:\/\/optimistic.pt\/fr\/2024\/04\/24\/participation-doptimistic-a-la-reunion-daffaires-sur-lesg-au-world-trade-center-de-lisbonne\/\",\"url\":\"https:\/\/optimistic.pt\/fr\/2024\/04\/24\/participation-doptimistic-a-la-reunion-daffaires-sur-lesg-au-world-trade-center-de-lisbonne\/\",\"name\":\"Participation d'Optimistic \u00e0 la r\u00e9union d'affaires sur l'ESG au World Trade Center de Lisbonne - OPTIMISTIC\",\"isPartOf\":{\"@id\":\"https:\/\/optimistic.pt\/fr\/#website\"},\"primaryImageOfPage\":{\"@id\":\"https:\/\/optimistic.pt\/fr\/2024\/04\/24\/participation-doptimistic-a-la-reunion-daffaires-sur-lesg-au-world-trade-center-de-lisbonne\/#primaryimage\"},\"image\":{\"@id\":\"https:\/\/optimistic.pt\/fr\/2024\/04\/24\/participation-doptimistic-a-la-reunion-daffaires-sur-lesg-au-world-trade-center-de-lisbonne\/#primaryimage\"},\"thumbnailUrl\":\"https:\/\/optimistic.pt\/wp-content\/uploads\/2024\/04\/PHOTO-2024-04-23-13-38-03-e1713969175691.jpg\",\"datePublished\":\"2024-04-24T14:33:08+00:00\",\"dateModified\":\"2024-04-24T14:45:19+00:00\",\"breadcrumb\":{\"@id\":\"https:\/\/optimistic.pt\/fr\/2024\/04\/24\/participation-doptimistic-a-la-reunion-daffaires-sur-lesg-au-world-trade-center-de-lisbonne\/#breadcrumb\"},\"inLanguage\":\"fr-FR\",\"potentialAction\":[{\"@type\":\"ReadAction\",\"target\":[\"https:\/\/optimistic.pt\/fr\/2024\/04\/24\/participation-doptimistic-a-la-reunion-daffaires-sur-lesg-au-world-trade-center-de-lisbonne\/\"]}]},{\"@type\":\"ImageObject\",\"inLanguage\":\"fr-FR\",\"@id\":\"https:\/\/optimistic.pt\/fr\/2024\/04\/24\/participation-doptimistic-a-la-reunion-daffaires-sur-lesg-au-world-trade-center-de-lisbonne\/#primaryimage\",\"url\":\"https:\/\/optimistic.pt\/wp-content\/uploads\/2024\/04\/PHOTO-2024-04-23-13-38-03-e1713969175691.jpg\",\"contentUrl\":\"https:\/\/optimistic.pt\/wp-content\/uploads\/2024\/04\/PHOTO-2024-04-23-13-38-03-e1713969175691.jpg\",\"width\":1536,\"height\":2048},{\"@type\":\"BreadcrumbList\",\"@id\":\"https:\/\/optimistic.pt\/fr\/2024\/04\/24\/participation-doptimistic-a-la-reunion-daffaires-sur-lesg-au-world-trade-center-de-lisbonne\/#breadcrumb\",\"itemListElement\":[{\"@type\":\"ListItem\",\"position\":1,\"name\":\"In\u00edcio\",\"item\":\"https:\/\/optimistic.pt\/fr\/\"},{\"@type\":\"ListItem\",\"position\":2,\"name\":\"Participation d&#8217;Optimistic \u00e0 la r\u00e9union d&#8217;affaires sur l&#8217;ESG au World Trade Center de Lisbonne\"}]},{\"@type\":\"WebSite\",\"@id\":\"https:\/\/optimistic.pt\/fr\/#website\",\"url\":\"https:\/\/optimistic.pt\/fr\/\",\"name\":\"OPTIMISTIC\",\"description\":\"Equipamento Rotativo\",\"publisher\":{\"@id\":\"https:\/\/optimistic.pt\/fr\/#organization\"},\"potentialAction\":[{\"@type\":\"SearchAction\",\"target\":{\"@type\":\"EntryPoint\",\"urlTemplate\":\"https:\/\/optimistic.pt\/fr\/?s={search_term_string}\"},\"query-input\":{\"@type\":\"PropertyValueSpecification\",\"valueRequired\":true,\"valueName\":\"search_term_string\"}}],\"inLanguage\":\"fr-FR\"},{\"@type\":\"Organization\",\"@id\":\"https:\/\/optimistic.pt\/fr\/#organization\",\"name\":\"OPTIMISTIC\",\"url\":\"https:\/\/optimistic.pt\/fr\/\",\"logo\":{\"@type\":\"ImageObject\",\"inLanguage\":\"fr-FR\",\"@id\":\"https:\/\/optimistic.pt\/fr\/#\/schema\/logo\/image\/\",\"url\":\"https:\/\/optimistic.pt\/wp-content\/uploads\/2023\/05\/logo_OPTIMISTIC_s_designa_alto_rgb.png\",\"contentUrl\":\"https:\/\/optimistic.pt\/wp-content\/uploads\/2023\/05\/logo_OPTIMISTIC_s_designa_alto_rgb.png\",\"width\":2062,\"height\":916,\"caption\":\"OPTIMISTIC\"},\"image\":{\"@id\":\"https:\/\/optimistic.pt\/fr\/#\/schema\/logo\/image\/\"}},{\"@type\":\"Person\",\"@id\":\"https:\/\/optimistic.pt\/fr\/#\/schema\/person\/8123103b77245316c036f43d43af763c\",\"name\":\"optimisticadmin\",\"image\":{\"@type\":\"ImageObject\",\"inLanguage\":\"fr-FR\",\"@id\":\"https:\/\/secure.gravatar.com\/avatar\/4d7d8109be2167f049239d8b84bcdfa36f4e39ecf2eb30340feb396ad1870b67?s=96&d=mm&r=g\",\"url\":\"https:\/\/secure.gravatar.com\/avatar\/4d7d8109be2167f049239d8b84bcdfa36f4e39ecf2eb30340feb396ad1870b67?s=96&d=mm&r=g\",\"contentUrl\":\"https:\/\/secure.gravatar.com\/avatar\/4d7d8109be2167f049239d8b84bcdfa36f4e39ecf2eb30340feb396ad1870b67?s=96&d=mm&r=g\",\"caption\":\"optimisticadmin\"},\"url\":\"https:\/\/optimistic.pt\/fr\/author\/optimisticadmin\/\"}]}<\/script>\n<!-- \/ Yoast SEO plugin. -->","yoast_head_json":{"title":"Participation d'Optimistic \u00e0 la r\u00e9union d'affaires sur l'ESG au World Trade Center de Lisbonne - OPTIMISTIC","robots":{"index":"index","follow":"follow","max-snippet":"max-snippet:-1","max-image-preview":"max-image-preview:large","max-video-preview":"max-video-preview:-1"},"canonical":"https:\/\/optimistic.pt\/fr\/2024\/04\/24\/participation-doptimistic-a-la-reunion-daffaires-sur-lesg-au-world-trade-center-de-lisbonne\/","og_locale":"fr_FR","og_type":"article","og_title":"Participation d'Optimistic \u00e0 la r\u00e9union d'affaires sur l'ESG au World Trade Center de Lisbonne - OPTIMISTIC","og_description":"Aux c\u00f4t\u00e9s de plus de 40 entrepreneurs, notre directeur du marketing et des communications, Bernardo Lemos, \u00e9tait pr\u00e9sent \u00e0 la r\u00e9union d&rsquo;affaires qui s&rsquo;est tenue au [\u2026]","og_url":"https:\/\/optimistic.pt\/fr\/2024\/04\/24\/participation-doptimistic-a-la-reunion-daffaires-sur-lesg-au-world-trade-center-de-lisbonne\/","og_site_name":"OPTIMISTIC","article_published_time":"2024-04-24T14:33:08+00:00","article_modified_time":"2024-04-24T14:45:19+00:00","og_image":[{"width":1536,"height":2048,"url":"https:\/\/optimistic.pt\/wp-content\/uploads\/2024\/04\/PHOTO-2024-04-23-13-38-03-e1713969175691.jpg","type":"image\/jpeg"}],"author":"optimisticadmin","twitter_card":"summary_large_image","twitter_misc":{"\u00c9crit par":"optimisticadmin","Dur\u00e9e de lecture estim\u00e9e":"1 minute"},"schema":{"@context":"https:\/\/schema.org","@graph":[{"@type":"Article","@id":"https:\/\/optimistic.pt\/fr\/2024\/04\/24\/participation-doptimistic-a-la-reunion-daffaires-sur-lesg-au-world-trade-center-de-lisbonne\/#article","isPartOf":{"@id":"https:\/\/optimistic.pt\/fr\/2024\/04\/24\/participation-doptimistic-a-la-reunion-daffaires-sur-lesg-au-world-trade-center-de-lisbonne\/"},"author":{"name":"optimisticadmin","@id":"https:\/\/optimistic.pt\/fr\/#\/schema\/person\/8123103b77245316c036f43d43af763c"},"headline":"Participation d&rsquo;Optimistic \u00e0 la r\u00e9union d&rsquo;affaires sur l&rsquo;ESG au World Trade Center de Lisbonne","datePublished":"2024-04-24T14:33:08+00:00","dateModified":"2024-04-24T14:45:19+00:00","mainEntityOfPage":{"@id":"https:\/\/optimistic.pt\/fr\/2024\/04\/24\/participation-doptimistic-a-la-reunion-daffaires-sur-lesg-au-world-trade-center-de-lisbonne\/"},"wordCount":319,"commentCount":0,"publisher":{"@id":"https:\/\/optimistic.pt\/fr\/#organization"},"image":{"@id":"https:\/\/optimistic.pt\/fr\/2024\/04\/24\/participation-doptimistic-a-la-reunion-daffaires-sur-lesg-au-world-trade-center-de-lisbonne\/#primaryimage"},"thumbnailUrl":"https:\/\/optimistic.pt\/wp-content\/uploads\/2024\/04\/PHOTO-2024-04-23-13-38-03-e1713969175691.jpg","articleSection":["Non classifi\u00e9(e)"],"inLanguage":"fr-FR"},{"@type":"WebPage","@id":"https:\/\/optimistic.pt\/fr\/2024\/04\/24\/participation-doptimistic-a-la-reunion-daffaires-sur-lesg-au-world-trade-center-de-lisbonne\/","url":"https:\/\/optimistic.pt\/fr\/2024\/04\/24\/participation-doptimistic-a-la-reunion-daffaires-sur-lesg-au-world-trade-center-de-lisbonne\/","name":"Participation d'Optimistic \u00e0 la r\u00e9union d'affaires sur l'ESG au World Trade Center de Lisbonne - OPTIMISTIC","isPartOf":{"@id":"https:\/\/optimistic.pt\/fr\/#website"},"primaryImageOfPage":{"@id":"https:\/\/optimistic.pt\/fr\/2024\/04\/24\/participation-doptimistic-a-la-reunion-daffaires-sur-lesg-au-world-trade-center-de-lisbonne\/#primaryimage"},"image":{"@id":"https:\/\/optimistic.pt\/fr\/2024\/04\/24\/participation-doptimistic-a-la-reunion-daffaires-sur-lesg-au-world-trade-center-de-lisbonne\/#primaryimage"},"thumbnailUrl":"https:\/\/optimistic.pt\/wp-content\/uploads\/2024\/04\/PHOTO-2024-04-23-13-38-03-e1713969175691.jpg","datePublished":"2024-04-24T14:33:08+00:00","dateModified":"2024-04-24T14:45:19+00:00","breadcrumb":{"@id":"https:\/\/optimistic.pt\/fr\/2024\/04\/24\/participation-doptimistic-a-la-reunion-daffaires-sur-lesg-au-world-trade-center-de-lisbonne\/#breadcrumb"},"inLanguage":"fr-FR","potentialAction":[{"@type":"ReadAction","target":["https:\/\/optimistic.pt\/fr\/2024\/04\/24\/participation-doptimistic-a-la-reunion-daffaires-sur-lesg-au-world-trade-center-de-lisbonne\/"]}]},{"@type":"ImageObject","inLanguage":"fr-FR","@id":"https:\/\/optimistic.pt\/fr\/2024\/04\/24\/participation-doptimistic-a-la-reunion-daffaires-sur-lesg-au-world-trade-center-de-lisbonne\/#primaryimage","url":"https:\/\/optimistic.pt\/wp-content\/uploads\/2024\/04\/PHOTO-2024-04-23-13-38-03-e1713969175691.jpg","contentUrl":"https:\/\/optimistic.pt\/wp-content\/uploads\/2024\/04\/PHOTO-2024-04-23-13-38-03-e1713969175691.jpg","width":1536,"height":2048},{"@type":"BreadcrumbList","@id":"https:\/\/optimistic.pt\/fr\/2024\/04\/24\/participation-doptimistic-a-la-reunion-daffaires-sur-lesg-au-world-trade-center-de-lisbonne\/#breadcrumb","itemListElement":[{"@type":"ListItem","position":1,"name":"In\u00edcio","item":"https:\/\/optimistic.pt\/fr\/"},{"@type":"ListItem","position":2,"name":"Participation d&#8217;Optimistic \u00e0 la r\u00e9union d&#8217;affaires sur l&#8217;ESG au World Trade Center de Lisbonne"}]},{"@type":"WebSite","@id":"https:\/\/optimistic.pt\/fr\/#website","url":"https:\/\/optimistic.pt\/fr\/","name":"OPTIMISTIC","description":"Equipamento Rotativo","publisher":{"@id":"https:\/\/optimistic.pt\/fr\/#organization"},"potentialAction":[{"@type":"SearchAction","target":{"@type":"EntryPoint","urlTemplate":"https:\/\/optimistic.pt\/fr\/?s={search_term_string}"},"query-input":{"@type":"PropertyValueSpecification","valueRequired":true,"valueName":"search_term_string"}}],"inLanguage":"fr-FR"},{"@type":"Organization","@id":"https:\/\/optimistic.pt\/fr\/#organization","name":"OPTIMISTIC","url":"https:\/\/optimistic.pt\/fr\/","logo":{"@type":"ImageObject","inLanguage":"fr-FR","@id":"https:\/\/optimistic.pt\/fr\/#\/schema\/logo\/image\/","url":"https:\/\/optimistic.pt\/wp-content\/uploads\/2023\/05\/logo_OPTIMISTIC_s_designa_alto_rgb.png","contentUrl":"https:\/\/optimistic.pt\/wp-content\/uploads\/2023\/05\/logo_OPTIMISTIC_s_designa_alto_rgb.png","width":2062,"height":916,"caption":"OPTIMISTIC"},"image":{"@id":"https:\/\/optimistic.pt\/fr\/#\/schema\/logo\/image\/"}},{"@type":"Person","@id":"https:\/\/optimistic.pt\/fr\/#\/schema\/person\/8123103b77245316c036f43d43af763c","name":"optimisticadmin","image":{"@type":"ImageObject","inLanguage":"fr-FR","@id":"https:\/\/secure.gravatar.com\/avatar\/4d7d8109be2167f049239d8b84bcdfa36f4e39ecf2eb30340feb396ad1870b67?s=96&d=mm&r=g","url":"https:\/\/secure.gravatar.com\/avatar\/4d7d8109be2167f049239d8b84bcdfa36f4e39ecf2eb30340feb396ad1870b67?s=96&d=mm&r=g","contentUrl":"https:\/\/secure.gravatar.com\/avatar\/4d7d8109be2167f049239d8b84bcdfa36f4e39ecf2eb30340feb396ad1870b67?s=96&d=mm&r=g","caption":"optimisticadmin"},"url":"https:\/\/optimistic.pt\/fr\/author\/optimisticadmin\/"}]}},"_links":{"self":[{"href":"https:\/\/optimistic.pt\/fr\/wp-json\/wp\/v2\/posts\/2792","targetHints":{"allow":["GET"]}}],"collection":[{"href":"https:\/\/optimistic.pt\/fr\/wp-json\/wp\/v2\/posts"}],"about":[{"href":"https:\/\/optimistic.pt\/fr\/wp-json\/wp\/v2\/types\/post"}],"author":[{"embeddable":true,"href":"https:\/\/optimistic.pt\/fr\/wp-json\/wp\/v2\/users\/2"}],"replies":[{"embeddable":true,"href":"https:\/\/optimistic.pt\/fr\/wp-json\/wp\/v2\/comments?post=2792"}],"version-history":[{"count":1,"href":"https:\/\/optimistic.pt\/fr\/wp-json\/wp\/v2\/posts\/2792\/revisions"}],"predecessor-version":[{"id":2793,"href":"https:\/\/optimistic.pt\/fr\/wp-json\/wp\/v2\/posts\/2792\/revisions\/2793"}],"wp:featuredmedia":[{"embeddable":true,"href":"https:\/\/optimistic.pt\/fr\/wp-json\/wp\/v2\/media\/2785"}],"wp:attachment":[{"href":"https:\/\/optimistic.pt\/fr\/wp-json\/wp\/v2\/media?parent=2792"}],"wp:term":[{"taxonomy":"category","embeddable":true,"href":"https:\/\/optimistic.pt\/fr\/wp-json\/wp\/v2\/categories?post=2792"},{"taxonomy":"post_tag","embeddable":true,"href":"https:\/\/optimistic.pt\/fr\/wp-json\/wp\/v2\/tags?post=2792"}],"curies":[{"name":"wp","href":"https:\/\/api.w.org\/{rel}","templated":true}]}}