{"id":3640,"date":"2026-03-16T14:39:28","date_gmt":"2026-03-16T14:39:28","guid":{"rendered":"https:\/\/optimistic.pt\/2026\/03\/16\/liderazgo-resultados-y-conciencia-empresarial\/"},"modified":"2026-03-19T10:16:33","modified_gmt":"2026-03-19T10:16:33","slug":"liderazgo-resultados-y-conciencia-empresarial","status":"publish","type":"post","link":"https:\/\/optimistic.pt\/es\/2026\/03\/16\/liderazgo-resultados-y-conciencia-empresarial\/","title":{"rendered":"Entre resultados y conciencia: el desaf\u00edo del liderazgo moderno"},"content":{"rendered":"<p>Hace algunos meses, en una negociaci\u00f3n industrial particularmente exigente, un inversor me hizo una pregunta sencilla que se me qued\u00f3 grabada: \u201cAl final del d\u00eda, \u00bfqu\u00e9 es m\u00e1s importante para un l\u00edder, ganar o perdurar?\u201d En ese momento pareci\u00f3 casi una provocaci\u00f3n filos\u00f3fica. Hoy, observando el mundo que nos rodea, se ha convertido en una pregunta profundamente estrat\u00e9gica.<\/p>\n<p>Vivimos en un contexto internacional marcado por tensiones geopol\u00edticas, conflictos armados, disputas energ\u00e9ticas y rivalidades tecnol\u00f3gicas. La guerra ha vuelto a ocupar un lugar central en la pol\u00edtica internacional. Los pa\u00edses compiten por cadenas de valor, recursos cr\u00edticos e influencia estrat\u00e9gica. Las alianzas cambian r\u00e1pidamente y las decisiones se toman bajo una enorme presi\u00f3n. En muchos casos, la l\u00f3gica dominante ya no es la cooperaci\u00f3n, sino la ventaja competitiva inmediata.<\/p>\n<p>Curiosamente, algo similar empieza a ocurrir en el mundo empresarial. Muchas organizaciones operan hoy en un entorno que se asemeja a un verdadero campo de batalla econ\u00f3mico. Se habla de conquistar mercados, defender posiciones estrat\u00e9gicas, neutralizar competidores o dominar cadenas de suministro. El lenguaje empresarial se ha ido militarizando progresivamente, reflejando una competencia global cada vez m\u00e1s intensa.<\/p>\n<p>Basta observar sectores como la energ\u00eda, los semiconductores o la inteligencia artificial para entender que las empresas se han convertido en actores centrales de esta disputa global. Las decisiones tomadas en un consejo de administraci\u00f3n pueden tener un impacto directo en el empleo, las cadenas industriales, la seguridad energ\u00e9tica e incluso en el equilibrio entre regiones del mundo.<\/p>\n<p>Es precisamente en este contexto donde surge el gran dilema del liderazgo moderno: c\u00f3mo generar resultados sin perder la conciencia.<\/p>\n<p>Durante d\u00e9cadas, muchas organizaciones han sido orientadas a maximizar resultados a corto plazo. El crecimiento r\u00e1pido, la reducci\u00f3n de costes y las ganancias inmediatas se han convertido en m\u00e9tricas dominantes. Sin embargo, la historia reciente ha demostrado los riesgos de este enfoque. Cadenas de suministro excesivamente fr\u00e1giles, crisis reputacionales en empresas tecnol\u00f3gicas o decisiones ambientales irresponsables han evidenciado que los resultados sin conciencia pueden generar costes mucho mayores en el futuro.<\/p>\n<p>Por otro lado, tambi\u00e9n existen ejemplos inspiradores. Empresas que decidieron invertir en resiliencia industrial, innovaci\u00f3n sostenible o en el desarrollo de sus equipos antes de que fuera obligatorio. En muchos casos, estas decisiones parec\u00edan inicialmente menos rentables, pero resultaron decisivas cuando el entorno global se volvi\u00f3 m\u00e1s incierto.<\/p>\n<p>Esto sugiere que el verdadero liderazgo no consiste en elegir entre resultados y conciencia, sino en integrarlos en una misma visi\u00f3n estrat\u00e9gica.<\/p>\n<p>Esto exige tres cambios concretos. Primero, recuperar el pensamiento a largo plazo. Las organizaciones duraderas se construyen en d\u00e9cadas, no en ciclos trimestrales. Segundo, asumir la responsabilidad sist\u00e9mica, reconociendo que las decisiones empresariales tienen impacto social, econ\u00f3mico e incluso geopol\u00edtico. Tercero, cultivar el discernimiento moral en las decisiones estrat\u00e9gicas, pregunt\u00e1ndose no solo qu\u00e9 es posible hacer, sino tambi\u00e9n qu\u00e9 es lo correcto hacer.<\/p>\n<p>En un mundo donde la l\u00f3gica de la guerra parece infiltrarse en muchos \u00e1mbitos de la econom\u00eda, quiz\u00e1 el verdadero l\u00edder sea aquel que comprende algo esencial: el objetivo no es solo ganar la pr\u00f3xima batalla empresarial, sino garantizar que la organizaci\u00f3n siga siendo relevante cuando el conflicto termine.<\/p>\n<p>Porque al final, los resultados construyen empresas, pero la conciencia construye l\u00edderes.<\/p>\n<p>&nbsp;<\/p>\n<p>16 de marzo de 2026<\/p>\n<p><a href=\"https:\/\/www.dn.pt\/opiniao-dn\/opiniao\/entre-resultados-e-conscincia-o-desafio-da-liderana-moderna\" target=\"_blank\" rel=\"noopener\">https:\/\/www.dn.pt\/opiniao-dn\/opiniao\/entre-resultados-e-conscincia-o-desafio-da-liderana-moderna<\/a><\/p>\n","protected":false},"excerpt":{"rendered":"<p>Hace algunos meses, en una negociaci\u00f3n industrial particularmente exigente, un inversor me hizo una pregunta sencilla que se me qued\u00f3 grabada: \u201cAl final del d\u00eda, \u00bfqu\u00e9<span class=\"excerpt-hellip\"> [\u2026]<\/span><\/p>\n","protected":false},"author":2,"featured_media":3560,"comment_status":"closed","ping_status":"closed","sticky":false,"template":"","format":"standard","meta":{"footnotes":""},"categories":[4],"tags":[],"class_list":["post-3640","post","type-post","status-publish","format-standard","has-post-thumbnail","hentry","category-sin-categorizar"],"yoast_head":"<!-- This site is optimized with the Yoast SEO plugin v27.2 - https:\/\/yoast.com\/product\/yoast-seo-wordpress\/ -->\n<title>Liderazgo, Resultados y Conciencia Empresarial - OPTIMISTIC<\/title>\n<meta name=\"description\" content=\"En un entorno competitivo, el liderazgo exige equilibrar resultados inmediatos con conciencia estrat\u00e9gica y visi\u00f3n a largo plazo.\" \/>\n<meta name=\"robots\" content=\"index, follow, max-snippet:-1, max-image-preview:large, max-video-preview:-1\" \/>\n<link rel=\"canonical\" href=\"https:\/\/optimistic.pt\/es\/2026\/03\/16\/liderazgo-resultados-y-conciencia-empresarial\/\" \/>\n<meta property=\"og:locale\" content=\"es_ES\" \/>\n<meta property=\"og:type\" content=\"article\" \/>\n<meta property=\"og:title\" content=\"Liderazgo, Resultados y Conciencia Empresarial - OPTIMISTIC\" \/>\n<meta property=\"og:description\" content=\"En un entorno competitivo, el liderazgo exige equilibrar resultados inmediatos con conciencia estrat\u00e9gica y visi\u00f3n a largo plazo.\" \/>\n<meta property=\"og:url\" content=\"https:\/\/optimistic.pt\/es\/2026\/03\/16\/liderazgo-resultados-y-conciencia-empresarial\/\" \/>\n<meta property=\"og:site_name\" content=\"OPTIMISTIC\" \/>\n<meta property=\"article:published_time\" content=\"2026-03-16T14:39:28+00:00\" \/>\n<meta property=\"article:modified_time\" content=\"2026-03-19T10:16:33+00:00\" \/>\n<meta property=\"og:image\" content=\"https:\/\/optimistic.pt\/wp-content\/uploads\/2026\/03\/industria-em-alerta.jpg\" \/>\n\t<meta property=\"og:image:width\" content=\"1172\" \/>\n\t<meta property=\"og:image:height\" content=\"1038\" \/>\n\t<meta property=\"og:image:type\" content=\"image\/jpeg\" \/>\n<meta name=\"author\" content=\"optimisticadmin\" \/>\n<meta name=\"twitter:card\" content=\"summary_large_image\" \/>\n<meta name=\"twitter:label1\" content=\"Escrito por\" \/>\n\t<meta name=\"twitter:data1\" content=\"optimisticadmin\" \/>\n\t<meta name=\"twitter:label2\" content=\"Tiempo de lectura\" \/>\n\t<meta name=\"twitter:data2\" content=\"3 minutos\" \/>\n<script type=\"application\/ld+json\" class=\"yoast-schema-graph\">{\"@context\":\"https:\/\/schema.org\",\"@graph\":[{\"@type\":\"Article\",\"@id\":\"https:\/\/optimistic.pt\/es\/2026\/03\/16\/liderazgo-resultados-y-conciencia-empresarial\/#article\",\"isPartOf\":{\"@id\":\"https:\/\/optimistic.pt\/es\/2026\/03\/16\/liderazgo-resultados-y-conciencia-empresarial\/\"},\"author\":{\"name\":\"optimisticadmin\",\"@id\":\"https:\/\/optimistic.pt\/es\/#\/schema\/person\/8123103b77245316c036f43d43af763c\"},\"headline\":\"Entre resultados y conciencia: el desaf\u00edo del liderazgo moderno\",\"datePublished\":\"2026-03-16T14:39:28+00:00\",\"dateModified\":\"2026-03-19T10:16:33+00:00\",\"mainEntityOfPage\":{\"@id\":\"https:\/\/optimistic.pt\/es\/2026\/03\/16\/liderazgo-resultados-y-conciencia-empresarial\/\"},\"wordCount\":600,\"publisher\":{\"@id\":\"https:\/\/optimistic.pt\/es\/#organization\"},\"image\":{\"@id\":\"https:\/\/optimistic.pt\/es\/2026\/03\/16\/liderazgo-resultados-y-conciencia-empresarial\/#primaryimage\"},\"thumbnailUrl\":\"https:\/\/optimistic.pt\/wp-content\/uploads\/2026\/03\/industria-em-alerta.jpg\",\"articleSection\":[\"Sin categorizar\"],\"inLanguage\":\"es\"},{\"@type\":\"WebPage\",\"@id\":\"https:\/\/optimistic.pt\/es\/2026\/03\/16\/liderazgo-resultados-y-conciencia-empresarial\/\",\"url\":\"https:\/\/optimistic.pt\/es\/2026\/03\/16\/liderazgo-resultados-y-conciencia-empresarial\/\",\"name\":\"Liderazgo, Resultados y Conciencia Empresarial - OPTIMISTIC\",\"isPartOf\":{\"@id\":\"https:\/\/optimistic.pt\/es\/#website\"},\"primaryImageOfPage\":{\"@id\":\"https:\/\/optimistic.pt\/es\/2026\/03\/16\/liderazgo-resultados-y-conciencia-empresarial\/#primaryimage\"},\"image\":{\"@id\":\"https:\/\/optimistic.pt\/es\/2026\/03\/16\/liderazgo-resultados-y-conciencia-empresarial\/#primaryimage\"},\"thumbnailUrl\":\"https:\/\/optimistic.pt\/wp-content\/uploads\/2026\/03\/industria-em-alerta.jpg\",\"datePublished\":\"2026-03-16T14:39:28+00:00\",\"dateModified\":\"2026-03-19T10:16:33+00:00\",\"description\":\"En un entorno competitivo, el liderazgo exige equilibrar resultados inmediatos con conciencia estrat\u00e9gica y visi\u00f3n a largo plazo.\",\"breadcrumb\":{\"@id\":\"https:\/\/optimistic.pt\/es\/2026\/03\/16\/liderazgo-resultados-y-conciencia-empresarial\/#breadcrumb\"},\"inLanguage\":\"es\",\"potentialAction\":[{\"@type\":\"ReadAction\",\"target\":[\"https:\/\/optimistic.pt\/es\/2026\/03\/16\/liderazgo-resultados-y-conciencia-empresarial\/\"]}]},{\"@type\":\"ImageObject\",\"inLanguage\":\"es\",\"@id\":\"https:\/\/optimistic.pt\/es\/2026\/03\/16\/liderazgo-resultados-y-conciencia-empresarial\/#primaryimage\",\"url\":\"https:\/\/optimistic.pt\/wp-content\/uploads\/2026\/03\/industria-em-alerta.jpg\",\"contentUrl\":\"https:\/\/optimistic.pt\/wp-content\/uploads\/2026\/03\/industria-em-alerta.jpg\",\"width\":1172,\"height\":1038,\"caption\":\"Bruno Valverde Cota\"},{\"@type\":\"BreadcrumbList\",\"@id\":\"https:\/\/optimistic.pt\/es\/2026\/03\/16\/liderazgo-resultados-y-conciencia-empresarial\/#breadcrumb\",\"itemListElement\":[{\"@type\":\"ListItem\",\"position\":1,\"name\":\"In\u00edcio\",\"item\":\"https:\/\/optimistic.pt\/es\/\"},{\"@type\":\"ListItem\",\"position\":2,\"name\":\"Entre resultados y conciencia: el desaf\u00edo del liderazgo moderno\"}]},{\"@type\":\"WebSite\",\"@id\":\"https:\/\/optimistic.pt\/es\/#website\",\"url\":\"https:\/\/optimistic.pt\/es\/\",\"name\":\"OPTIMISTIC\",\"description\":\"Especialistas en equipamiento rotativo\",\"publisher\":{\"@id\":\"https:\/\/optimistic.pt\/es\/#organization\"},\"potentialAction\":[{\"@type\":\"SearchAction\",\"target\":{\"@type\":\"EntryPoint\",\"urlTemplate\":\"https:\/\/optimistic.pt\/es\/?s={search_term_string}\"},\"query-input\":{\"@type\":\"PropertyValueSpecification\",\"valueRequired\":true,\"valueName\":\"search_term_string\"}}],\"inLanguage\":\"es\"},{\"@type\":\"Organization\",\"@id\":\"https:\/\/optimistic.pt\/es\/#organization\",\"name\":\"OPTIMISTIC\",\"url\":\"https:\/\/optimistic.pt\/es\/\",\"logo\":{\"@type\":\"ImageObject\",\"inLanguage\":\"es\",\"@id\":\"https:\/\/optimistic.pt\/es\/#\/schema\/logo\/image\/\",\"url\":\"https:\/\/optimistic.pt\/wp-content\/uploads\/2023\/05\/logo_OPTIMISTIC_s_designa_alto_rgb.png\",\"contentUrl\":\"https:\/\/optimistic.pt\/wp-content\/uploads\/2023\/05\/logo_OPTIMISTIC_s_designa_alto_rgb.png\",\"width\":2062,\"height\":916,\"caption\":\"OPTIMISTIC\"},\"image\":{\"@id\":\"https:\/\/optimistic.pt\/es\/#\/schema\/logo\/image\/\"}},{\"@type\":\"Person\",\"@id\":\"https:\/\/optimistic.pt\/es\/#\/schema\/person\/8123103b77245316c036f43d43af763c\",\"name\":\"optimisticadmin\",\"image\":{\"@type\":\"ImageObject\",\"inLanguage\":\"es\",\"@id\":\"https:\/\/secure.gravatar.com\/avatar\/4d7d8109be2167f049239d8b84bcdfa36f4e39ecf2eb30340feb396ad1870b67?s=96&d=mm&r=g\",\"url\":\"https:\/\/secure.gravatar.com\/avatar\/4d7d8109be2167f049239d8b84bcdfa36f4e39ecf2eb30340feb396ad1870b67?s=96&d=mm&r=g\",\"contentUrl\":\"https:\/\/secure.gravatar.com\/avatar\/4d7d8109be2167f049239d8b84bcdfa36f4e39ecf2eb30340feb396ad1870b67?s=96&d=mm&r=g\",\"caption\":\"optimisticadmin\"},\"url\":\"https:\/\/optimistic.pt\/es\/author\/optimisticadmin\/\"}]}<\/script>\n<!-- \/ Yoast SEO plugin. -->","yoast_head_json":{"title":"Liderazgo, Resultados y Conciencia Empresarial - OPTIMISTIC","description":"En un entorno competitivo, el liderazgo exige equilibrar resultados inmediatos con conciencia estrat\u00e9gica y visi\u00f3n a largo plazo.","robots":{"index":"index","follow":"follow","max-snippet":"max-snippet:-1","max-image-preview":"max-image-preview:large","max-video-preview":"max-video-preview:-1"},"canonical":"https:\/\/optimistic.pt\/es\/2026\/03\/16\/liderazgo-resultados-y-conciencia-empresarial\/","og_locale":"es_ES","og_type":"article","og_title":"Liderazgo, Resultados y Conciencia Empresarial - OPTIMISTIC","og_description":"En un entorno competitivo, el liderazgo exige equilibrar resultados inmediatos con conciencia estrat\u00e9gica y visi\u00f3n a largo plazo.","og_url":"https:\/\/optimistic.pt\/es\/2026\/03\/16\/liderazgo-resultados-y-conciencia-empresarial\/","og_site_name":"OPTIMISTIC","article_published_time":"2026-03-16T14:39:28+00:00","article_modified_time":"2026-03-19T10:16:33+00:00","og_image":[{"width":1172,"height":1038,"url":"https:\/\/optimistic.pt\/wp-content\/uploads\/2026\/03\/industria-em-alerta.jpg","type":"image\/jpeg"}],"author":"optimisticadmin","twitter_card":"summary_large_image","twitter_misc":{"Escrito por":"optimisticadmin","Tiempo de lectura":"3 minutos"},"schema":{"@context":"https:\/\/schema.org","@graph":[{"@type":"Article","@id":"https:\/\/optimistic.pt\/es\/2026\/03\/16\/liderazgo-resultados-y-conciencia-empresarial\/#article","isPartOf":{"@id":"https:\/\/optimistic.pt\/es\/2026\/03\/16\/liderazgo-resultados-y-conciencia-empresarial\/"},"author":{"name":"optimisticadmin","@id":"https:\/\/optimistic.pt\/es\/#\/schema\/person\/8123103b77245316c036f43d43af763c"},"headline":"Entre resultados y conciencia: el desaf\u00edo del liderazgo moderno","datePublished":"2026-03-16T14:39:28+00:00","dateModified":"2026-03-19T10:16:33+00:00","mainEntityOfPage":{"@id":"https:\/\/optimistic.pt\/es\/2026\/03\/16\/liderazgo-resultados-y-conciencia-empresarial\/"},"wordCount":600,"publisher":{"@id":"https:\/\/optimistic.pt\/es\/#organization"},"image":{"@id":"https:\/\/optimistic.pt\/es\/2026\/03\/16\/liderazgo-resultados-y-conciencia-empresarial\/#primaryimage"},"thumbnailUrl":"https:\/\/optimistic.pt\/wp-content\/uploads\/2026\/03\/industria-em-alerta.jpg","articleSection":["Sin categorizar"],"inLanguage":"es"},{"@type":"WebPage","@id":"https:\/\/optimistic.pt\/es\/2026\/03\/16\/liderazgo-resultados-y-conciencia-empresarial\/","url":"https:\/\/optimistic.pt\/es\/2026\/03\/16\/liderazgo-resultados-y-conciencia-empresarial\/","name":"Liderazgo, Resultados y Conciencia Empresarial - OPTIMISTIC","isPartOf":{"@id":"https:\/\/optimistic.pt\/es\/#website"},"primaryImageOfPage":{"@id":"https:\/\/optimistic.pt\/es\/2026\/03\/16\/liderazgo-resultados-y-conciencia-empresarial\/#primaryimage"},"image":{"@id":"https:\/\/optimistic.pt\/es\/2026\/03\/16\/liderazgo-resultados-y-conciencia-empresarial\/#primaryimage"},"thumbnailUrl":"https:\/\/optimistic.pt\/wp-content\/uploads\/2026\/03\/industria-em-alerta.jpg","datePublished":"2026-03-16T14:39:28+00:00","dateModified":"2026-03-19T10:16:33+00:00","description":"En un entorno competitivo, el liderazgo exige equilibrar resultados inmediatos con conciencia estrat\u00e9gica y visi\u00f3n a largo plazo.","breadcrumb":{"@id":"https:\/\/optimistic.pt\/es\/2026\/03\/16\/liderazgo-resultados-y-conciencia-empresarial\/#breadcrumb"},"inLanguage":"es","potentialAction":[{"@type":"ReadAction","target":["https:\/\/optimistic.pt\/es\/2026\/03\/16\/liderazgo-resultados-y-conciencia-empresarial\/"]}]},{"@type":"ImageObject","inLanguage":"es","@id":"https:\/\/optimistic.pt\/es\/2026\/03\/16\/liderazgo-resultados-y-conciencia-empresarial\/#primaryimage","url":"https:\/\/optimistic.pt\/wp-content\/uploads\/2026\/03\/industria-em-alerta.jpg","contentUrl":"https:\/\/optimistic.pt\/wp-content\/uploads\/2026\/03\/industria-em-alerta.jpg","width":1172,"height":1038,"caption":"Bruno Valverde Cota"},{"@type":"BreadcrumbList","@id":"https:\/\/optimistic.pt\/es\/2026\/03\/16\/liderazgo-resultados-y-conciencia-empresarial\/#breadcrumb","itemListElement":[{"@type":"ListItem","position":1,"name":"In\u00edcio","item":"https:\/\/optimistic.pt\/es\/"},{"@type":"ListItem","position":2,"name":"Entre resultados y conciencia: el desaf\u00edo del liderazgo moderno"}]},{"@type":"WebSite","@id":"https:\/\/optimistic.pt\/es\/#website","url":"https:\/\/optimistic.pt\/es\/","name":"OPTIMISTIC","description":"Especialistas en equipamiento rotativo","publisher":{"@id":"https:\/\/optimistic.pt\/es\/#organization"},"potentialAction":[{"@type":"SearchAction","target":{"@type":"EntryPoint","urlTemplate":"https:\/\/optimistic.pt\/es\/?s={search_term_string}"},"query-input":{"@type":"PropertyValueSpecification","valueRequired":true,"valueName":"search_term_string"}}],"inLanguage":"es"},{"@type":"Organization","@id":"https:\/\/optimistic.pt\/es\/#organization","name":"OPTIMISTIC","url":"https:\/\/optimistic.pt\/es\/","logo":{"@type":"ImageObject","inLanguage":"es","@id":"https:\/\/optimistic.pt\/es\/#\/schema\/logo\/image\/","url":"https:\/\/optimistic.pt\/wp-content\/uploads\/2023\/05\/logo_OPTIMISTIC_s_designa_alto_rgb.png","contentUrl":"https:\/\/optimistic.pt\/wp-content\/uploads\/2023\/05\/logo_OPTIMISTIC_s_designa_alto_rgb.png","width":2062,"height":916,"caption":"OPTIMISTIC"},"image":{"@id":"https:\/\/optimistic.pt\/es\/#\/schema\/logo\/image\/"}},{"@type":"Person","@id":"https:\/\/optimistic.pt\/es\/#\/schema\/person\/8123103b77245316c036f43d43af763c","name":"optimisticadmin","image":{"@type":"ImageObject","inLanguage":"es","@id":"https:\/\/secure.gravatar.com\/avatar\/4d7d8109be2167f049239d8b84bcdfa36f4e39ecf2eb30340feb396ad1870b67?s=96&d=mm&r=g","url":"https:\/\/secure.gravatar.com\/avatar\/4d7d8109be2167f049239d8b84bcdfa36f4e39ecf2eb30340feb396ad1870b67?s=96&d=mm&r=g","contentUrl":"https:\/\/secure.gravatar.com\/avatar\/4d7d8109be2167f049239d8b84bcdfa36f4e39ecf2eb30340feb396ad1870b67?s=96&d=mm&r=g","caption":"optimisticadmin"},"url":"https:\/\/optimistic.pt\/es\/author\/optimisticadmin\/"}]}},"_links":{"self":[{"href":"https:\/\/optimistic.pt\/es\/wp-json\/wp\/v2\/posts\/3640","targetHints":{"allow":["GET"]}}],"collection":[{"href":"https:\/\/optimistic.pt\/es\/wp-json\/wp\/v2\/posts"}],"about":[{"href":"https:\/\/optimistic.pt\/es\/wp-json\/wp\/v2\/types\/post"}],"author":[{"embeddable":true,"href":"https:\/\/optimistic.pt\/es\/wp-json\/wp\/v2\/users\/2"}],"replies":[{"embeddable":true,"href":"https:\/\/optimistic.pt\/es\/wp-json\/wp\/v2\/comments?post=3640"}],"version-history":[{"count":2,"href":"https:\/\/optimistic.pt\/es\/wp-json\/wp\/v2\/posts\/3640\/revisions"}],"predecessor-version":[{"id":3642,"href":"https:\/\/optimistic.pt\/es\/wp-json\/wp\/v2\/posts\/3640\/revisions\/3642"}],"wp:featuredmedia":[{"embeddable":true,"href":"https:\/\/optimistic.pt\/es\/wp-json\/wp\/v2\/media\/3560"}],"wp:attachment":[{"href":"https:\/\/optimistic.pt\/es\/wp-json\/wp\/v2\/media?parent=3640"}],"wp:term":[{"taxonomy":"category","embeddable":true,"href":"https:\/\/optimistic.pt\/es\/wp-json\/wp\/v2\/categories?post=3640"},{"taxonomy":"post_tag","embeddable":true,"href":"https:\/\/optimistic.pt\/es\/wp-json\/wp\/v2\/tags?post=3640"}],"curies":[{"name":"wp","href":"https:\/\/api.w.org\/{rel}","templated":true}]}}