{"id":3622,"date":"2026-03-12T14:44:31","date_gmt":"2026-03-12T14:44:31","guid":{"rendered":"https:\/\/optimistic.pt\/2026\/03\/12\/optimistic-plus-renueva-el-estatus-de-pyme-lider-en-2025\/"},"modified":"2026-03-12T15:02:02","modified_gmt":"2026-03-12T15:02:02","slug":"optimistic-plus-renueva-estatus-pyme-lider-2025","status":"publish","type":"post","link":"https:\/\/optimistic.pt\/es\/2026\/03\/12\/optimistic-plus-renueva-estatus-pyme-lider-2025\/","title":{"rendered":"Optimistic Plus renueva el estatus de PYME L\u00edder en 2025"},"content":{"rendered":"<p><img loading=\"lazy\" decoding=\"async\" class=\"aligncenter wp-image-3610 size-large\" src=\"https:\/\/optimistic.pt\/wp-content\/uploads\/2026\/03\/PME-Lider-2025-1024x768.jpg\" alt=\"PYME L\u00edder en 2025\" width=\"1024\" height=\"768\" srcset=\"https:\/\/optimistic.pt\/wp-content\/uploads\/2026\/03\/PME-Lider-2025-1024x768.jpg 1024w, https:\/\/optimistic.pt\/wp-content\/uploads\/2026\/03\/PME-Lider-2025-300x225.jpg 300w, https:\/\/optimistic.pt\/wp-content\/uploads\/2026\/03\/PME-Lider-2025-768x576.jpg 768w, https:\/\/optimistic.pt\/wp-content\/uploads\/2026\/03\/PME-Lider-2025-100x75.jpg 100w, https:\/\/optimistic.pt\/wp-content\/uploads\/2026\/03\/PME-Lider-2025-960x720.jpg 960w, https:\/\/optimistic.pt\/wp-content\/uploads\/2026\/03\/PME-Lider-2025-480x360.jpg 480w, https:\/\/optimistic.pt\/wp-content\/uploads\/2026\/03\/PME-Lider-2025.jpg 1440w\" sizes=\"auto, (max-width:767px) 480px, (max-width:1024px) 100vw, 1024px\" \/><\/p>\n<p>&nbsp;<\/p>\n<p>Optimistic Plus, Lda. ha sido nuevamente distinguida por el <strong>IAPMEI<\/strong> con el Estatuto de <strong>PME L\u00edder 2025<\/strong>, renovando as\u00ed un reconocimiento que la empresa ha venido obteniendo de forma consistente a lo largo de los \u00faltimos a\u00f1os.<\/p>\n<p>Esta distinci\u00f3n, otorgada por el IAPMEI en colaboraci\u00f3n con<strong> Turismo de Portugal<\/strong>, <strong>Banco Portugu\u00eas de Fomento<\/strong> y la banca comercial, destaca a las empresas que evidencian altos est\u00e1ndares de desempe\u00f1o econ\u00f3mico, solidez financiera y gesti\u00f3n sostenible.<\/p>\n<p>La renovaci\u00f3n de este estatuto en 2025 confirma la <strong>consistencia del recorrido de Optimistic<\/strong>, reflejando una estrategia empresarial basada en el rigor, la innovaci\u00f3n y la creaci\u00f3n de valor. M\u00e1s que un reconocimiento puntual, se trata de una validaci\u00f3n continua de un modelo de gesti\u00f3n responsable y orientado a resultados.<\/p>\n<p>El Estatuto PME L\u00edder constituye un sello de reputaci\u00f3n que refuerza la confianza de socios, instituciones financieras y clientes en la capacidad de gesti\u00f3n de la empresa y en la sostenibilidad de su proyecto empresarial.<\/p>\n<p>Para <strong>Optimistic<\/strong>, esta distinci\u00f3n representa al mismo tiempo un reconocimiento al trabajo desarrollado a lo largo de los a\u00f1os y un est\u00edmulo para continuar contribuyendo activamente a la dinamizaci\u00f3n de la econom\u00eda portuguesa, a trav\u00e9s de un crecimiento sostenido y de una actuaci\u00f3n empresarial exigente y responsable.<\/p>\n","protected":false},"excerpt":{"rendered":"<p>&nbsp; Optimistic Plus, Lda. ha sido nuevamente distinguida por el IAPMEI con el Estatuto de PME L\u00edder 2025, renovando as\u00ed un reconocimiento que la empresa ha<span class=\"excerpt-hellip\"> [\u2026]<\/span><\/p>\n","protected":false},"author":2,"featured_media":3614,"comment_status":"closed","ping_status":"closed","sticky":false,"template":"","format":"standard","meta":{"footnotes":""},"categories":[4],"tags":[],"class_list":["post-3622","post","type-post","status-publish","format-standard","has-post-thumbnail","hentry","category-sin-categorizar"],"yoast_head":"<!-- This site is optimized with the Yoast SEO plugin v27.2 - https:\/\/yoast.com\/product\/yoast-seo-wordpress\/ -->\n<title>Optimistic Plus renueva el estatus de PYME L\u00edder en 2025 - OPTIMISTIC<\/title>\n<meta name=\"description\" content=\"Optimistic Plus renueva el estatus PYME L\u00edder 2025, reconocimiento del IAPMEI por su solidez financiera y gesti\u00f3n empresarial.\" \/>\n<meta name=\"robots\" content=\"index, follow, max-snippet:-1, max-image-preview:large, max-video-preview:-1\" \/>\n<link rel=\"canonical\" href=\"https:\/\/optimistic.pt\/es\/2026\/03\/12\/optimistic-plus-renueva-estatus-pyme-lider-2025\/\" \/>\n<meta property=\"og:locale\" content=\"es_ES\" \/>\n<meta property=\"og:type\" content=\"article\" \/>\n<meta property=\"og:title\" content=\"Optimistic Plus renueva el estatus de PYME L\u00edder en 2025 - OPTIMISTIC\" \/>\n<meta property=\"og:description\" content=\"Optimistic Plus renueva el estatus PYME L\u00edder 2025, reconocimiento del IAPMEI por su solidez financiera y gesti\u00f3n empresarial.\" \/>\n<meta property=\"og:url\" content=\"https:\/\/optimistic.pt\/es\/2026\/03\/12\/optimistic-plus-renueva-estatus-pyme-lider-2025\/\" \/>\n<meta property=\"og:site_name\" content=\"OPTIMISTIC\" \/>\n<meta property=\"article:published_time\" content=\"2026-03-12T14:44:31+00:00\" \/>\n<meta property=\"article:modified_time\" content=\"2026-03-12T15:02:02+00:00\" \/>\n<meta property=\"og:image\" content=\"https:\/\/optimistic.pt\/wp-content\/uploads\/2026\/03\/PME-Lider-2025.jpg\" \/>\n\t<meta property=\"og:image:width\" content=\"1440\" \/>\n\t<meta property=\"og:image:height\" content=\"1080\" \/>\n\t<meta property=\"og:image:type\" content=\"image\/jpeg\" \/>\n<meta name=\"author\" content=\"optimisticadmin\" \/>\n<meta name=\"twitter:card\" content=\"summary_large_image\" \/>\n<meta name=\"twitter:label1\" content=\"Escrito por\" \/>\n\t<meta name=\"twitter:data1\" content=\"optimisticadmin\" \/>\n\t<meta name=\"twitter:label2\" content=\"Tiempo de lectura\" \/>\n\t<meta name=\"twitter:data2\" content=\"1 minuto\" \/>\n<script type=\"application\/ld+json\" class=\"yoast-schema-graph\">{\"@context\":\"https:\/\/schema.org\",\"@graph\":[{\"@type\":\"Article\",\"@id\":\"https:\/\/optimistic.pt\/es\/2026\/03\/12\/optimistic-plus-renueva-estatus-pyme-lider-2025\/#article\",\"isPartOf\":{\"@id\":\"https:\/\/optimistic.pt\/es\/2026\/03\/12\/optimistic-plus-renueva-estatus-pyme-lider-2025\/\"},\"author\":{\"name\":\"optimisticadmin\",\"@id\":\"https:\/\/optimistic.pt\/es\/#\/schema\/person\/8123103b77245316c036f43d43af763c\"},\"headline\":\"Optimistic Plus renueva el estatus de PYME L\u00edder en 2025\",\"datePublished\":\"2026-03-12T14:44:31+00:00\",\"dateModified\":\"2026-03-12T15:02:02+00:00\",\"mainEntityOfPage\":{\"@id\":\"https:\/\/optimistic.pt\/es\/2026\/03\/12\/optimistic-plus-renueva-estatus-pyme-lider-2025\/\"},\"wordCount\":239,\"publisher\":{\"@id\":\"https:\/\/optimistic.pt\/es\/#organization\"},\"image\":{\"@id\":\"https:\/\/optimistic.pt\/es\/2026\/03\/12\/optimistic-plus-renueva-estatus-pyme-lider-2025\/#primaryimage\"},\"thumbnailUrl\":\"https:\/\/optimistic.pt\/wp-content\/uploads\/2026\/03\/PME-Lider-2025.jpg\",\"articleSection\":[\"Sin categorizar\"],\"inLanguage\":\"es\"},{\"@type\":\"WebPage\",\"@id\":\"https:\/\/optimistic.pt\/es\/2026\/03\/12\/optimistic-plus-renueva-estatus-pyme-lider-2025\/\",\"url\":\"https:\/\/optimistic.pt\/es\/2026\/03\/12\/optimistic-plus-renueva-estatus-pyme-lider-2025\/\",\"name\":\"Optimistic Plus renueva el estatus de PYME L\u00edder en 2025 - OPTIMISTIC\",\"isPartOf\":{\"@id\":\"https:\/\/optimistic.pt\/es\/#website\"},\"primaryImageOfPage\":{\"@id\":\"https:\/\/optimistic.pt\/es\/2026\/03\/12\/optimistic-plus-renueva-estatus-pyme-lider-2025\/#primaryimage\"},\"image\":{\"@id\":\"https:\/\/optimistic.pt\/es\/2026\/03\/12\/optimistic-plus-renueva-estatus-pyme-lider-2025\/#primaryimage\"},\"thumbnailUrl\":\"https:\/\/optimistic.pt\/wp-content\/uploads\/2026\/03\/PME-Lider-2025.jpg\",\"datePublished\":\"2026-03-12T14:44:31+00:00\",\"dateModified\":\"2026-03-12T15:02:02+00:00\",\"description\":\"Optimistic Plus renueva el estatus PYME L\u00edder 2025, reconocimiento del IAPMEI por su solidez financiera y gesti\u00f3n empresarial.\",\"breadcrumb\":{\"@id\":\"https:\/\/optimistic.pt\/es\/2026\/03\/12\/optimistic-plus-renueva-estatus-pyme-lider-2025\/#breadcrumb\"},\"inLanguage\":\"es\",\"potentialAction\":[{\"@type\":\"ReadAction\",\"target\":[\"https:\/\/optimistic.pt\/es\/2026\/03\/12\/optimistic-plus-renueva-estatus-pyme-lider-2025\/\"]}]},{\"@type\":\"ImageObject\",\"inLanguage\":\"es\",\"@id\":\"https:\/\/optimistic.pt\/es\/2026\/03\/12\/optimistic-plus-renueva-estatus-pyme-lider-2025\/#primaryimage\",\"url\":\"https:\/\/optimistic.pt\/wp-content\/uploads\/2026\/03\/PME-Lider-2025.jpg\",\"contentUrl\":\"https:\/\/optimistic.pt\/wp-content\/uploads\/2026\/03\/PME-Lider-2025.jpg\",\"width\":1440,\"height\":1080,\"caption\":\"PME Li\u0301der 2025\"},{\"@type\":\"BreadcrumbList\",\"@id\":\"https:\/\/optimistic.pt\/es\/2026\/03\/12\/optimistic-plus-renueva-estatus-pyme-lider-2025\/#breadcrumb\",\"itemListElement\":[{\"@type\":\"ListItem\",\"position\":1,\"name\":\"In\u00edcio\",\"item\":\"https:\/\/optimistic.pt\/es\/\"},{\"@type\":\"ListItem\",\"position\":2,\"name\":\"Optimistic Plus renueva el estatus de PYME L\u00edder en 2025\"}]},{\"@type\":\"WebSite\",\"@id\":\"https:\/\/optimistic.pt\/es\/#website\",\"url\":\"https:\/\/optimistic.pt\/es\/\",\"name\":\"OPTIMISTIC\",\"description\":\"Especialistas en equipamiento rotativo\",\"publisher\":{\"@id\":\"https:\/\/optimistic.pt\/es\/#organization\"},\"potentialAction\":[{\"@type\":\"SearchAction\",\"target\":{\"@type\":\"EntryPoint\",\"urlTemplate\":\"https:\/\/optimistic.pt\/es\/?s={search_term_string}\"},\"query-input\":{\"@type\":\"PropertyValueSpecification\",\"valueRequired\":true,\"valueName\":\"search_term_string\"}}],\"inLanguage\":\"es\"},{\"@type\":\"Organization\",\"@id\":\"https:\/\/optimistic.pt\/es\/#organization\",\"name\":\"OPTIMISTIC\",\"url\":\"https:\/\/optimistic.pt\/es\/\",\"logo\":{\"@type\":\"ImageObject\",\"inLanguage\":\"es\",\"@id\":\"https:\/\/optimistic.pt\/es\/#\/schema\/logo\/image\/\",\"url\":\"https:\/\/optimistic.pt\/wp-content\/uploads\/2023\/05\/logo_OPTIMISTIC_s_designa_alto_rgb.png\",\"contentUrl\":\"https:\/\/optimistic.pt\/wp-content\/uploads\/2023\/05\/logo_OPTIMISTIC_s_designa_alto_rgb.png\",\"width\":2062,\"height\":916,\"caption\":\"OPTIMISTIC\"},\"image\":{\"@id\":\"https:\/\/optimistic.pt\/es\/#\/schema\/logo\/image\/\"}},{\"@type\":\"Person\",\"@id\":\"https:\/\/optimistic.pt\/es\/#\/schema\/person\/8123103b77245316c036f43d43af763c\",\"name\":\"optimisticadmin\",\"image\":{\"@type\":\"ImageObject\",\"inLanguage\":\"es\",\"@id\":\"https:\/\/secure.gravatar.com\/avatar\/4d7d8109be2167f049239d8b84bcdfa36f4e39ecf2eb30340feb396ad1870b67?s=96&d=mm&r=g\",\"url\":\"https:\/\/secure.gravatar.com\/avatar\/4d7d8109be2167f049239d8b84bcdfa36f4e39ecf2eb30340feb396ad1870b67?s=96&d=mm&r=g\",\"contentUrl\":\"https:\/\/secure.gravatar.com\/avatar\/4d7d8109be2167f049239d8b84bcdfa36f4e39ecf2eb30340feb396ad1870b67?s=96&d=mm&r=g\",\"caption\":\"optimisticadmin\"},\"url\":\"https:\/\/optimistic.pt\/es\/author\/optimisticadmin\/\"}]}<\/script>\n<!-- \/ Yoast SEO plugin. -->","yoast_head_json":{"title":"Optimistic Plus renueva el estatus de PYME L\u00edder en 2025 - OPTIMISTIC","description":"Optimistic Plus renueva el estatus PYME L\u00edder 2025, reconocimiento del IAPMEI por su solidez financiera y gesti\u00f3n empresarial.","robots":{"index":"index","follow":"follow","max-snippet":"max-snippet:-1","max-image-preview":"max-image-preview:large","max-video-preview":"max-video-preview:-1"},"canonical":"https:\/\/optimistic.pt\/es\/2026\/03\/12\/optimistic-plus-renueva-estatus-pyme-lider-2025\/","og_locale":"es_ES","og_type":"article","og_title":"Optimistic Plus renueva el estatus de PYME L\u00edder en 2025 - OPTIMISTIC","og_description":"Optimistic Plus renueva el estatus PYME L\u00edder 2025, reconocimiento del IAPMEI por su solidez financiera y gesti\u00f3n empresarial.","og_url":"https:\/\/optimistic.pt\/es\/2026\/03\/12\/optimistic-plus-renueva-estatus-pyme-lider-2025\/","og_site_name":"OPTIMISTIC","article_published_time":"2026-03-12T14:44:31+00:00","article_modified_time":"2026-03-12T15:02:02+00:00","og_image":[{"width":1440,"height":1080,"url":"https:\/\/optimistic.pt\/wp-content\/uploads\/2026\/03\/PME-Lider-2025.jpg","type":"image\/jpeg"}],"author":"optimisticadmin","twitter_card":"summary_large_image","twitter_misc":{"Escrito por":"optimisticadmin","Tiempo de lectura":"1 minuto"},"schema":{"@context":"https:\/\/schema.org","@graph":[{"@type":"Article","@id":"https:\/\/optimistic.pt\/es\/2026\/03\/12\/optimistic-plus-renueva-estatus-pyme-lider-2025\/#article","isPartOf":{"@id":"https:\/\/optimistic.pt\/es\/2026\/03\/12\/optimistic-plus-renueva-estatus-pyme-lider-2025\/"},"author":{"name":"optimisticadmin","@id":"https:\/\/optimistic.pt\/es\/#\/schema\/person\/8123103b77245316c036f43d43af763c"},"headline":"Optimistic Plus renueva el estatus de PYME L\u00edder en 2025","datePublished":"2026-03-12T14:44:31+00:00","dateModified":"2026-03-12T15:02:02+00:00","mainEntityOfPage":{"@id":"https:\/\/optimistic.pt\/es\/2026\/03\/12\/optimistic-plus-renueva-estatus-pyme-lider-2025\/"},"wordCount":239,"publisher":{"@id":"https:\/\/optimistic.pt\/es\/#organization"},"image":{"@id":"https:\/\/optimistic.pt\/es\/2026\/03\/12\/optimistic-plus-renueva-estatus-pyme-lider-2025\/#primaryimage"},"thumbnailUrl":"https:\/\/optimistic.pt\/wp-content\/uploads\/2026\/03\/PME-Lider-2025.jpg","articleSection":["Sin categorizar"],"inLanguage":"es"},{"@type":"WebPage","@id":"https:\/\/optimistic.pt\/es\/2026\/03\/12\/optimistic-plus-renueva-estatus-pyme-lider-2025\/","url":"https:\/\/optimistic.pt\/es\/2026\/03\/12\/optimistic-plus-renueva-estatus-pyme-lider-2025\/","name":"Optimistic Plus renueva el estatus de PYME L\u00edder en 2025 - OPTIMISTIC","isPartOf":{"@id":"https:\/\/optimistic.pt\/es\/#website"},"primaryImageOfPage":{"@id":"https:\/\/optimistic.pt\/es\/2026\/03\/12\/optimistic-plus-renueva-estatus-pyme-lider-2025\/#primaryimage"},"image":{"@id":"https:\/\/optimistic.pt\/es\/2026\/03\/12\/optimistic-plus-renueva-estatus-pyme-lider-2025\/#primaryimage"},"thumbnailUrl":"https:\/\/optimistic.pt\/wp-content\/uploads\/2026\/03\/PME-Lider-2025.jpg","datePublished":"2026-03-12T14:44:31+00:00","dateModified":"2026-03-12T15:02:02+00:00","description":"Optimistic Plus renueva el estatus PYME L\u00edder 2025, reconocimiento del IAPMEI por su solidez financiera y gesti\u00f3n empresarial.","breadcrumb":{"@id":"https:\/\/optimistic.pt\/es\/2026\/03\/12\/optimistic-plus-renueva-estatus-pyme-lider-2025\/#breadcrumb"},"inLanguage":"es","potentialAction":[{"@type":"ReadAction","target":["https:\/\/optimistic.pt\/es\/2026\/03\/12\/optimistic-plus-renueva-estatus-pyme-lider-2025\/"]}]},{"@type":"ImageObject","inLanguage":"es","@id":"https:\/\/optimistic.pt\/es\/2026\/03\/12\/optimistic-plus-renueva-estatus-pyme-lider-2025\/#primaryimage","url":"https:\/\/optimistic.pt\/wp-content\/uploads\/2026\/03\/PME-Lider-2025.jpg","contentUrl":"https:\/\/optimistic.pt\/wp-content\/uploads\/2026\/03\/PME-Lider-2025.jpg","width":1440,"height":1080,"caption":"PME Li\u0301der 2025"},{"@type":"BreadcrumbList","@id":"https:\/\/optimistic.pt\/es\/2026\/03\/12\/optimistic-plus-renueva-estatus-pyme-lider-2025\/#breadcrumb","itemListElement":[{"@type":"ListItem","position":1,"name":"In\u00edcio","item":"https:\/\/optimistic.pt\/es\/"},{"@type":"ListItem","position":2,"name":"Optimistic Plus renueva el estatus de PYME L\u00edder en 2025"}]},{"@type":"WebSite","@id":"https:\/\/optimistic.pt\/es\/#website","url":"https:\/\/optimistic.pt\/es\/","name":"OPTIMISTIC","description":"Especialistas en equipamiento rotativo","publisher":{"@id":"https:\/\/optimistic.pt\/es\/#organization"},"potentialAction":[{"@type":"SearchAction","target":{"@type":"EntryPoint","urlTemplate":"https:\/\/optimistic.pt\/es\/?s={search_term_string}"},"query-input":{"@type":"PropertyValueSpecification","valueRequired":true,"valueName":"search_term_string"}}],"inLanguage":"es"},{"@type":"Organization","@id":"https:\/\/optimistic.pt\/es\/#organization","name":"OPTIMISTIC","url":"https:\/\/optimistic.pt\/es\/","logo":{"@type":"ImageObject","inLanguage":"es","@id":"https:\/\/optimistic.pt\/es\/#\/schema\/logo\/image\/","url":"https:\/\/optimistic.pt\/wp-content\/uploads\/2023\/05\/logo_OPTIMISTIC_s_designa_alto_rgb.png","contentUrl":"https:\/\/optimistic.pt\/wp-content\/uploads\/2023\/05\/logo_OPTIMISTIC_s_designa_alto_rgb.png","width":2062,"height":916,"caption":"OPTIMISTIC"},"image":{"@id":"https:\/\/optimistic.pt\/es\/#\/schema\/logo\/image\/"}},{"@type":"Person","@id":"https:\/\/optimistic.pt\/es\/#\/schema\/person\/8123103b77245316c036f43d43af763c","name":"optimisticadmin","image":{"@type":"ImageObject","inLanguage":"es","@id":"https:\/\/secure.gravatar.com\/avatar\/4d7d8109be2167f049239d8b84bcdfa36f4e39ecf2eb30340feb396ad1870b67?s=96&d=mm&r=g","url":"https:\/\/secure.gravatar.com\/avatar\/4d7d8109be2167f049239d8b84bcdfa36f4e39ecf2eb30340feb396ad1870b67?s=96&d=mm&r=g","contentUrl":"https:\/\/secure.gravatar.com\/avatar\/4d7d8109be2167f049239d8b84bcdfa36f4e39ecf2eb30340feb396ad1870b67?s=96&d=mm&r=g","caption":"optimisticadmin"},"url":"https:\/\/optimistic.pt\/es\/author\/optimisticadmin\/"}]}},"_links":{"self":[{"href":"https:\/\/optimistic.pt\/es\/wp-json\/wp\/v2\/posts\/3622","targetHints":{"allow":["GET"]}}],"collection":[{"href":"https:\/\/optimistic.pt\/es\/wp-json\/wp\/v2\/posts"}],"about":[{"href":"https:\/\/optimistic.pt\/es\/wp-json\/wp\/v2\/types\/post"}],"author":[{"embeddable":true,"href":"https:\/\/optimistic.pt\/es\/wp-json\/wp\/v2\/users\/2"}],"replies":[{"embeddable":true,"href":"https:\/\/optimistic.pt\/es\/wp-json\/wp\/v2\/comments?post=3622"}],"version-history":[{"count":1,"href":"https:\/\/optimistic.pt\/es\/wp-json\/wp\/v2\/posts\/3622\/revisions"}],"predecessor-version":[{"id":3623,"href":"https:\/\/optimistic.pt\/es\/wp-json\/wp\/v2\/posts\/3622\/revisions\/3623"}],"wp:featuredmedia":[{"embeddable":true,"href":"https:\/\/optimistic.pt\/es\/wp-json\/wp\/v2\/media\/3614"}],"wp:attachment":[{"href":"https:\/\/optimistic.pt\/es\/wp-json\/wp\/v2\/media?parent=3622"}],"wp:term":[{"taxonomy":"category","embeddable":true,"href":"https:\/\/optimistic.pt\/es\/wp-json\/wp\/v2\/categories?post=3622"},{"taxonomy":"post_tag","embeddable":true,"href":"https:\/\/optimistic.pt\/es\/wp-json\/wp\/v2\/tags?post=3622"}],"curies":[{"name":"wp","href":"https:\/\/api.w.org\/{rel}","templated":true}]}}