{"id":2794,"date":"2024-04-24T14:33:08","date_gmt":"2024-04-24T14:33:08","guid":{"rendered":"https:\/\/optimistic.pt\/?p=2794"},"modified":"2024-04-24T14:49:18","modified_gmt":"2024-04-24T14:49:18","slug":"participacion-de-optimistic-en-la-reunion-empresarial-sobre-esg-en-el-world-trade-center-de-lisboa","status":"publish","type":"post","link":"https:\/\/optimistic.pt\/es\/2024\/04\/24\/participacion-de-optimistic-en-la-reunion-empresarial-sobre-esg-en-el-world-trade-center-de-lisboa\/","title":{"rendered":"Participaci\u00f3n de Optimistic en la reuni\u00f3n empresarial sobre ESG en el World Trade Center de Lisboa."},"content":{"rendered":"<p>Junto con otros 40+ empresarios, nuestro Gerente de Marketing y Comunicaciones, Bernardo Lemos, estuvo presente en la reuni\u00f3n empresarial celebrada en el World Trade Centre de Lisboa el lunes 22 de abril de 2024.<\/p>\n<p>Despu\u00e9s de una primera reuni\u00f3n destacada en febrero de este a\u00f1o, en la que nuestro CEO, Bruno Valverde Cota, fue uno de los oradores invitados, Optimistic regres\u00f3 al WTC de Lisboa para aprender de los mejores sobre la implementaci\u00f3n de estrategias ESG y c\u00f3mo poner en pr\u00e1ctica las mejores pr\u00e1cticas.<\/p>\n<p>En otros temas, aprendimos sobre la compensaci\u00f3n de carbono, cambiar mentalidades para ser m\u00e1s ecol\u00f3gicos y c\u00f3mo las empresas pueden adoptar m\u00e9tricas internas para implementar con \u00e9xito sus estrategias ESG. Por ejemplo, como empresa, aprendimos que es necesario asegurarse de que todos en nuestra cadena de valor est\u00e9n al d\u00eda: desde proveedores hasta distribuidores.<\/p>\n<p>Necesitamos estar seguros de que las mejores pr\u00e1cticas ESG se est\u00e9n implementando por todos con quienes trabajamos. ESG est\u00e1 teniendo, y tendr\u00e1, un impacto significativo en el futuro de las empresas.<\/p>\n<p>A medida que nuestra comunidad intenta adoptar pr\u00e1cticas sostenibles por el bien de nuestro planeta y el futuro de las generaciones m\u00e1s j\u00f3venes, cada empresa deber\u00e1 desempe\u00f1ar su papel activo para garantizar que el futuro sea m\u00e1s verde y limpio. Pero tambi\u00e9n, las mejores pr\u00e1cticas son una prioridad en la cultura laboral: desde el bienestar de los colaboradores hasta los salarios justos.<\/p>\n<p>Optimistic est\u00e1 totalmente comprometido en aplicar las mejores pr\u00e1cticas ESG y continuar\u00e1 su camino para asegurarse de que nuestro negocio sea m\u00e1s sostenible y siga teniendo un impacto significativo en nuestra comunidad.<\/p>\n","protected":false},"excerpt":{"rendered":"<p>Junto con otros 40+ empresarios, nuestro Gerente de Marketing y Comunicaciones, Bernardo Lemos, estuvo presente en la reuni\u00f3n empresarial celebrada en el World Trade Centre de<span class=\"excerpt-hellip\"> [\u2026]<\/span><\/p>\n","protected":false},"author":2,"featured_media":2788,"comment_status":"open","ping_status":"open","sticky":false,"template":"","format":"standard","meta":{"footnotes":""},"categories":[4],"tags":[],"class_list":["post-2794","post","type-post","status-publish","format-standard","has-post-thumbnail","hentry","category-sin-categorizar"],"yoast_head":"<!-- This site is optimized with the Yoast SEO plugin v27.2 - https:\/\/yoast.com\/product\/yoast-seo-wordpress\/ -->\n<title>Participaci\u00f3n de Optimistic en la reuni\u00f3n empresarial sobre ESG en el World Trade Center de Lisboa. - OPTIMISTIC<\/title>\n<meta name=\"robots\" content=\"index, follow, max-snippet:-1, max-image-preview:large, max-video-preview:-1\" \/>\n<link rel=\"canonical\" href=\"https:\/\/optimistic.pt\/es\/2024\/04\/24\/participacion-de-optimistic-en-la-reunion-empresarial-sobre-esg-en-el-world-trade-center-de-lisboa\/\" \/>\n<meta property=\"og:locale\" content=\"es_ES\" \/>\n<meta property=\"og:type\" content=\"article\" \/>\n<meta property=\"og:title\" content=\"Participaci\u00f3n de Optimistic en la reuni\u00f3n empresarial sobre ESG en el World Trade Center de Lisboa. - OPTIMISTIC\" \/>\n<meta property=\"og:description\" content=\"Junto con otros 40+ empresarios, nuestro Gerente de Marketing y Comunicaciones, Bernardo Lemos, estuvo presente en la reuni\u00f3n empresarial celebrada en el World Trade Centre de [\u2026]\" \/>\n<meta property=\"og:url\" content=\"https:\/\/optimistic.pt\/es\/2024\/04\/24\/participacion-de-optimistic-en-la-reunion-empresarial-sobre-esg-en-el-world-trade-center-de-lisboa\/\" \/>\n<meta property=\"og:site_name\" content=\"OPTIMISTIC\" \/>\n<meta property=\"article:published_time\" content=\"2024-04-24T14:33:08+00:00\" \/>\n<meta property=\"article:modified_time\" content=\"2024-04-24T14:49:18+00:00\" \/>\n<meta property=\"og:image\" content=\"https:\/\/optimistic.pt\/wp-content\/uploads\/2024\/04\/PHOTO-2024-04-23-13-38-03-e1713969175691.jpg\" \/>\n\t<meta property=\"og:image:width\" content=\"1536\" \/>\n\t<meta property=\"og:image:height\" content=\"2048\" \/>\n\t<meta property=\"og:image:type\" content=\"image\/jpeg\" \/>\n<meta name=\"author\" content=\"optimisticadmin\" \/>\n<meta name=\"twitter:card\" content=\"summary_large_image\" \/>\n<meta name=\"twitter:label1\" content=\"Escrito por\" \/>\n\t<meta name=\"twitter:data1\" content=\"optimisticadmin\" \/>\n\t<meta name=\"twitter:label2\" content=\"Tiempo de lectura\" \/>\n\t<meta name=\"twitter:data2\" content=\"1 minuto\" \/>\n<script type=\"application\/ld+json\" class=\"yoast-schema-graph\">{\"@context\":\"https:\/\/schema.org\",\"@graph\":[{\"@type\":\"Article\",\"@id\":\"https:\/\/optimistic.pt\/es\/2024\/04\/24\/participacion-de-optimistic-en-la-reunion-empresarial-sobre-esg-en-el-world-trade-center-de-lisboa\/#article\",\"isPartOf\":{\"@id\":\"https:\/\/optimistic.pt\/es\/2024\/04\/24\/participacion-de-optimistic-en-la-reunion-empresarial-sobre-esg-en-el-world-trade-center-de-lisboa\/\"},\"author\":{\"name\":\"optimisticadmin\",\"@id\":\"https:\/\/optimistic.pt\/es\/#\/schema\/person\/8123103b77245316c036f43d43af763c\"},\"headline\":\"Participaci\u00f3n de Optimistic en la reuni\u00f3n empresarial sobre ESG en el World Trade Center de Lisboa.\",\"datePublished\":\"2024-04-24T14:33:08+00:00\",\"dateModified\":\"2024-04-24T14:49:18+00:00\",\"mainEntityOfPage\":{\"@id\":\"https:\/\/optimistic.pt\/es\/2024\/04\/24\/participacion-de-optimistic-en-la-reunion-empresarial-sobre-esg-en-el-world-trade-center-de-lisboa\/\"},\"wordCount\":304,\"commentCount\":0,\"publisher\":{\"@id\":\"https:\/\/optimistic.pt\/es\/#organization\"},\"image\":{\"@id\":\"https:\/\/optimistic.pt\/es\/2024\/04\/24\/participacion-de-optimistic-en-la-reunion-empresarial-sobre-esg-en-el-world-trade-center-de-lisboa\/#primaryimage\"},\"thumbnailUrl\":\"https:\/\/optimistic.pt\/wp-content\/uploads\/2024\/04\/PHOTO-2024-04-23-13-38-03-e1713969175691.jpg\",\"articleSection\":[\"Sin categorizar\"],\"inLanguage\":\"es\"},{\"@type\":\"WebPage\",\"@id\":\"https:\/\/optimistic.pt\/es\/2024\/04\/24\/participacion-de-optimistic-en-la-reunion-empresarial-sobre-esg-en-el-world-trade-center-de-lisboa\/\",\"url\":\"https:\/\/optimistic.pt\/es\/2024\/04\/24\/participacion-de-optimistic-en-la-reunion-empresarial-sobre-esg-en-el-world-trade-center-de-lisboa\/\",\"name\":\"Participaci\u00f3n de Optimistic en la reuni\u00f3n empresarial sobre ESG en el World Trade Center de Lisboa. - OPTIMISTIC\",\"isPartOf\":{\"@id\":\"https:\/\/optimistic.pt\/es\/#website\"},\"primaryImageOfPage\":{\"@id\":\"https:\/\/optimistic.pt\/es\/2024\/04\/24\/participacion-de-optimistic-en-la-reunion-empresarial-sobre-esg-en-el-world-trade-center-de-lisboa\/#primaryimage\"},\"image\":{\"@id\":\"https:\/\/optimistic.pt\/es\/2024\/04\/24\/participacion-de-optimistic-en-la-reunion-empresarial-sobre-esg-en-el-world-trade-center-de-lisboa\/#primaryimage\"},\"thumbnailUrl\":\"https:\/\/optimistic.pt\/wp-content\/uploads\/2024\/04\/PHOTO-2024-04-23-13-38-03-e1713969175691.jpg\",\"datePublished\":\"2024-04-24T14:33:08+00:00\",\"dateModified\":\"2024-04-24T14:49:18+00:00\",\"breadcrumb\":{\"@id\":\"https:\/\/optimistic.pt\/es\/2024\/04\/24\/participacion-de-optimistic-en-la-reunion-empresarial-sobre-esg-en-el-world-trade-center-de-lisboa\/#breadcrumb\"},\"inLanguage\":\"es\",\"potentialAction\":[{\"@type\":\"ReadAction\",\"target\":[\"https:\/\/optimistic.pt\/es\/2024\/04\/24\/participacion-de-optimistic-en-la-reunion-empresarial-sobre-esg-en-el-world-trade-center-de-lisboa\/\"]}]},{\"@type\":\"ImageObject\",\"inLanguage\":\"es\",\"@id\":\"https:\/\/optimistic.pt\/es\/2024\/04\/24\/participacion-de-optimistic-en-la-reunion-empresarial-sobre-esg-en-el-world-trade-center-de-lisboa\/#primaryimage\",\"url\":\"https:\/\/optimistic.pt\/wp-content\/uploads\/2024\/04\/PHOTO-2024-04-23-13-38-03-e1713969175691.jpg\",\"contentUrl\":\"https:\/\/optimistic.pt\/wp-content\/uploads\/2024\/04\/PHOTO-2024-04-23-13-38-03-e1713969175691.jpg\",\"width\":1536,\"height\":2048},{\"@type\":\"BreadcrumbList\",\"@id\":\"https:\/\/optimistic.pt\/es\/2024\/04\/24\/participacion-de-optimistic-en-la-reunion-empresarial-sobre-esg-en-el-world-trade-center-de-lisboa\/#breadcrumb\",\"itemListElement\":[{\"@type\":\"ListItem\",\"position\":1,\"name\":\"In\u00edcio\",\"item\":\"https:\/\/optimistic.pt\/es\/\"},{\"@type\":\"ListItem\",\"position\":2,\"name\":\"Participaci\u00f3n de Optimistic en la reuni\u00f3n empresarial sobre ESG en el World Trade Center de Lisboa.\"}]},{\"@type\":\"WebSite\",\"@id\":\"https:\/\/optimistic.pt\/es\/#website\",\"url\":\"https:\/\/optimistic.pt\/es\/\",\"name\":\"OPTIMISTIC\",\"description\":\"Especialistas en equipamiento rotativo\",\"publisher\":{\"@id\":\"https:\/\/optimistic.pt\/es\/#organization\"},\"potentialAction\":[{\"@type\":\"SearchAction\",\"target\":{\"@type\":\"EntryPoint\",\"urlTemplate\":\"https:\/\/optimistic.pt\/es\/?s={search_term_string}\"},\"query-input\":{\"@type\":\"PropertyValueSpecification\",\"valueRequired\":true,\"valueName\":\"search_term_string\"}}],\"inLanguage\":\"es\"},{\"@type\":\"Organization\",\"@id\":\"https:\/\/optimistic.pt\/es\/#organization\",\"name\":\"OPTIMISTIC\",\"url\":\"https:\/\/optimistic.pt\/es\/\",\"logo\":{\"@type\":\"ImageObject\",\"inLanguage\":\"es\",\"@id\":\"https:\/\/optimistic.pt\/es\/#\/schema\/logo\/image\/\",\"url\":\"https:\/\/optimistic.pt\/wp-content\/uploads\/2023\/05\/logo_OPTIMISTIC_s_designa_alto_rgb.png\",\"contentUrl\":\"https:\/\/optimistic.pt\/wp-content\/uploads\/2023\/05\/logo_OPTIMISTIC_s_designa_alto_rgb.png\",\"width\":2062,\"height\":916,\"caption\":\"OPTIMISTIC\"},\"image\":{\"@id\":\"https:\/\/optimistic.pt\/es\/#\/schema\/logo\/image\/\"}},{\"@type\":\"Person\",\"@id\":\"https:\/\/optimistic.pt\/es\/#\/schema\/person\/8123103b77245316c036f43d43af763c\",\"name\":\"optimisticadmin\",\"image\":{\"@type\":\"ImageObject\",\"inLanguage\":\"es\",\"@id\":\"https:\/\/secure.gravatar.com\/avatar\/4d7d8109be2167f049239d8b84bcdfa36f4e39ecf2eb30340feb396ad1870b67?s=96&d=mm&r=g\",\"url\":\"https:\/\/secure.gravatar.com\/avatar\/4d7d8109be2167f049239d8b84bcdfa36f4e39ecf2eb30340feb396ad1870b67?s=96&d=mm&r=g\",\"contentUrl\":\"https:\/\/secure.gravatar.com\/avatar\/4d7d8109be2167f049239d8b84bcdfa36f4e39ecf2eb30340feb396ad1870b67?s=96&d=mm&r=g\",\"caption\":\"optimisticadmin\"},\"url\":\"https:\/\/optimistic.pt\/es\/author\/optimisticadmin\/\"}]}<\/script>\n<!-- \/ Yoast SEO plugin. -->","yoast_head_json":{"title":"Participaci\u00f3n de Optimistic en la reuni\u00f3n empresarial sobre ESG en el World Trade Center de Lisboa. - OPTIMISTIC","robots":{"index":"index","follow":"follow","max-snippet":"max-snippet:-1","max-image-preview":"max-image-preview:large","max-video-preview":"max-video-preview:-1"},"canonical":"https:\/\/optimistic.pt\/es\/2024\/04\/24\/participacion-de-optimistic-en-la-reunion-empresarial-sobre-esg-en-el-world-trade-center-de-lisboa\/","og_locale":"es_ES","og_type":"article","og_title":"Participaci\u00f3n de Optimistic en la reuni\u00f3n empresarial sobre ESG en el World Trade Center de Lisboa. - OPTIMISTIC","og_description":"Junto con otros 40+ empresarios, nuestro Gerente de Marketing y Comunicaciones, Bernardo Lemos, estuvo presente en la reuni\u00f3n empresarial celebrada en el World Trade Centre de [\u2026]","og_url":"https:\/\/optimistic.pt\/es\/2024\/04\/24\/participacion-de-optimistic-en-la-reunion-empresarial-sobre-esg-en-el-world-trade-center-de-lisboa\/","og_site_name":"OPTIMISTIC","article_published_time":"2024-04-24T14:33:08+00:00","article_modified_time":"2024-04-24T14:49:18+00:00","og_image":[{"width":1536,"height":2048,"url":"https:\/\/optimistic.pt\/wp-content\/uploads\/2024\/04\/PHOTO-2024-04-23-13-38-03-e1713969175691.jpg","type":"image\/jpeg"}],"author":"optimisticadmin","twitter_card":"summary_large_image","twitter_misc":{"Escrito por":"optimisticadmin","Tiempo de lectura":"1 minuto"},"schema":{"@context":"https:\/\/schema.org","@graph":[{"@type":"Article","@id":"https:\/\/optimistic.pt\/es\/2024\/04\/24\/participacion-de-optimistic-en-la-reunion-empresarial-sobre-esg-en-el-world-trade-center-de-lisboa\/#article","isPartOf":{"@id":"https:\/\/optimistic.pt\/es\/2024\/04\/24\/participacion-de-optimistic-en-la-reunion-empresarial-sobre-esg-en-el-world-trade-center-de-lisboa\/"},"author":{"name":"optimisticadmin","@id":"https:\/\/optimistic.pt\/es\/#\/schema\/person\/8123103b77245316c036f43d43af763c"},"headline":"Participaci\u00f3n de Optimistic en la reuni\u00f3n empresarial sobre ESG en el World Trade Center de Lisboa.","datePublished":"2024-04-24T14:33:08+00:00","dateModified":"2024-04-24T14:49:18+00:00","mainEntityOfPage":{"@id":"https:\/\/optimistic.pt\/es\/2024\/04\/24\/participacion-de-optimistic-en-la-reunion-empresarial-sobre-esg-en-el-world-trade-center-de-lisboa\/"},"wordCount":304,"commentCount":0,"publisher":{"@id":"https:\/\/optimistic.pt\/es\/#organization"},"image":{"@id":"https:\/\/optimistic.pt\/es\/2024\/04\/24\/participacion-de-optimistic-en-la-reunion-empresarial-sobre-esg-en-el-world-trade-center-de-lisboa\/#primaryimage"},"thumbnailUrl":"https:\/\/optimistic.pt\/wp-content\/uploads\/2024\/04\/PHOTO-2024-04-23-13-38-03-e1713969175691.jpg","articleSection":["Sin categorizar"],"inLanguage":"es"},{"@type":"WebPage","@id":"https:\/\/optimistic.pt\/es\/2024\/04\/24\/participacion-de-optimistic-en-la-reunion-empresarial-sobre-esg-en-el-world-trade-center-de-lisboa\/","url":"https:\/\/optimistic.pt\/es\/2024\/04\/24\/participacion-de-optimistic-en-la-reunion-empresarial-sobre-esg-en-el-world-trade-center-de-lisboa\/","name":"Participaci\u00f3n de Optimistic en la reuni\u00f3n empresarial sobre ESG en el World Trade Center de Lisboa. - OPTIMISTIC","isPartOf":{"@id":"https:\/\/optimistic.pt\/es\/#website"},"primaryImageOfPage":{"@id":"https:\/\/optimistic.pt\/es\/2024\/04\/24\/participacion-de-optimistic-en-la-reunion-empresarial-sobre-esg-en-el-world-trade-center-de-lisboa\/#primaryimage"},"image":{"@id":"https:\/\/optimistic.pt\/es\/2024\/04\/24\/participacion-de-optimistic-en-la-reunion-empresarial-sobre-esg-en-el-world-trade-center-de-lisboa\/#primaryimage"},"thumbnailUrl":"https:\/\/optimistic.pt\/wp-content\/uploads\/2024\/04\/PHOTO-2024-04-23-13-38-03-e1713969175691.jpg","datePublished":"2024-04-24T14:33:08+00:00","dateModified":"2024-04-24T14:49:18+00:00","breadcrumb":{"@id":"https:\/\/optimistic.pt\/es\/2024\/04\/24\/participacion-de-optimistic-en-la-reunion-empresarial-sobre-esg-en-el-world-trade-center-de-lisboa\/#breadcrumb"},"inLanguage":"es","potentialAction":[{"@type":"ReadAction","target":["https:\/\/optimistic.pt\/es\/2024\/04\/24\/participacion-de-optimistic-en-la-reunion-empresarial-sobre-esg-en-el-world-trade-center-de-lisboa\/"]}]},{"@type":"ImageObject","inLanguage":"es","@id":"https:\/\/optimistic.pt\/es\/2024\/04\/24\/participacion-de-optimistic-en-la-reunion-empresarial-sobre-esg-en-el-world-trade-center-de-lisboa\/#primaryimage","url":"https:\/\/optimistic.pt\/wp-content\/uploads\/2024\/04\/PHOTO-2024-04-23-13-38-03-e1713969175691.jpg","contentUrl":"https:\/\/optimistic.pt\/wp-content\/uploads\/2024\/04\/PHOTO-2024-04-23-13-38-03-e1713969175691.jpg","width":1536,"height":2048},{"@type":"BreadcrumbList","@id":"https:\/\/optimistic.pt\/es\/2024\/04\/24\/participacion-de-optimistic-en-la-reunion-empresarial-sobre-esg-en-el-world-trade-center-de-lisboa\/#breadcrumb","itemListElement":[{"@type":"ListItem","position":1,"name":"In\u00edcio","item":"https:\/\/optimistic.pt\/es\/"},{"@type":"ListItem","position":2,"name":"Participaci\u00f3n de Optimistic en la reuni\u00f3n empresarial sobre ESG en el World Trade Center de Lisboa."}]},{"@type":"WebSite","@id":"https:\/\/optimistic.pt\/es\/#website","url":"https:\/\/optimistic.pt\/es\/","name":"OPTIMISTIC","description":"Especialistas en equipamiento rotativo","publisher":{"@id":"https:\/\/optimistic.pt\/es\/#organization"},"potentialAction":[{"@type":"SearchAction","target":{"@type":"EntryPoint","urlTemplate":"https:\/\/optimistic.pt\/es\/?s={search_term_string}"},"query-input":{"@type":"PropertyValueSpecification","valueRequired":true,"valueName":"search_term_string"}}],"inLanguage":"es"},{"@type":"Organization","@id":"https:\/\/optimistic.pt\/es\/#organization","name":"OPTIMISTIC","url":"https:\/\/optimistic.pt\/es\/","logo":{"@type":"ImageObject","inLanguage":"es","@id":"https:\/\/optimistic.pt\/es\/#\/schema\/logo\/image\/","url":"https:\/\/optimistic.pt\/wp-content\/uploads\/2023\/05\/logo_OPTIMISTIC_s_designa_alto_rgb.png","contentUrl":"https:\/\/optimistic.pt\/wp-content\/uploads\/2023\/05\/logo_OPTIMISTIC_s_designa_alto_rgb.png","width":2062,"height":916,"caption":"OPTIMISTIC"},"image":{"@id":"https:\/\/optimistic.pt\/es\/#\/schema\/logo\/image\/"}},{"@type":"Person","@id":"https:\/\/optimistic.pt\/es\/#\/schema\/person\/8123103b77245316c036f43d43af763c","name":"optimisticadmin","image":{"@type":"ImageObject","inLanguage":"es","@id":"https:\/\/secure.gravatar.com\/avatar\/4d7d8109be2167f049239d8b84bcdfa36f4e39ecf2eb30340feb396ad1870b67?s=96&d=mm&r=g","url":"https:\/\/secure.gravatar.com\/avatar\/4d7d8109be2167f049239d8b84bcdfa36f4e39ecf2eb30340feb396ad1870b67?s=96&d=mm&r=g","contentUrl":"https:\/\/secure.gravatar.com\/avatar\/4d7d8109be2167f049239d8b84bcdfa36f4e39ecf2eb30340feb396ad1870b67?s=96&d=mm&r=g","caption":"optimisticadmin"},"url":"https:\/\/optimistic.pt\/es\/author\/optimisticadmin\/"}]}},"_links":{"self":[{"href":"https:\/\/optimistic.pt\/es\/wp-json\/wp\/v2\/posts\/2794","targetHints":{"allow":["GET"]}}],"collection":[{"href":"https:\/\/optimistic.pt\/es\/wp-json\/wp\/v2\/posts"}],"about":[{"href":"https:\/\/optimistic.pt\/es\/wp-json\/wp\/v2\/types\/post"}],"author":[{"embeddable":true,"href":"https:\/\/optimistic.pt\/es\/wp-json\/wp\/v2\/users\/2"}],"replies":[{"embeddable":true,"href":"https:\/\/optimistic.pt\/es\/wp-json\/wp\/v2\/comments?post=2794"}],"version-history":[{"count":1,"href":"https:\/\/optimistic.pt\/es\/wp-json\/wp\/v2\/posts\/2794\/revisions"}],"predecessor-version":[{"id":2795,"href":"https:\/\/optimistic.pt\/es\/wp-json\/wp\/v2\/posts\/2794\/revisions\/2795"}],"wp:featuredmedia":[{"embeddable":true,"href":"https:\/\/optimistic.pt\/es\/wp-json\/wp\/v2\/media\/2788"}],"wp:attachment":[{"href":"https:\/\/optimistic.pt\/es\/wp-json\/wp\/v2\/media?parent=2794"}],"wp:term":[{"taxonomy":"category","embeddable":true,"href":"https:\/\/optimistic.pt\/es\/wp-json\/wp\/v2\/categories?post=2794"},{"taxonomy":"post_tag","embeddable":true,"href":"https:\/\/optimistic.pt\/es\/wp-json\/wp\/v2\/tags?post=2794"}],"curies":[{"name":"wp","href":"https:\/\/api.w.org\/{rel}","templated":true}]}}